{"id":836,"date":"2018-02-04T11:20:43","date_gmt":"2018-02-04T10:20:43","guid":{"rendered":"http:\/\/constantia1877.bplaced.net\/Constantia_WP\/?p=836"},"modified":"2020-01-28T10:17:46","modified_gmt":"2020-01-28T09:17:46","slug":"jahreshauptversammlung-2018","status":"publish","type":"post","link":"http:\/\/constantia1877.bplaced.net\/Constantia_WP\/?p=836","title":{"rendered":"Jahreshauptversammlung 2018"},"content":{"rendered":"<p>Die Constantia startete mit ihrer Jahreshauptversammlung am 03.02. in ein neues Sch\u00fctzenjahr. Zun\u00e4chst traf man sich am alten Friedhof zur Kranzniederlegung. Anschlie\u00dfend zog man zur Pfarrkirche St. Nikolaus und besuchte den Wortgottesdienst.<\/p>\n<p><a href=\"http:\/\/constantia1877.bplaced.net\/Constantia_WP\/wp-content\/uploads\/2015\/03\/OMV2018-2.jpg\"><img loading=\"lazy\" decoding=\"async\" class=\"size-medium alignright wp-image-834\" src=\"http:\/\/constantia1877.bplaced.net\/Constantia_WP\/wp-content\/uploads\/2015\/03\/OMV2018-2-300x225.jpg\" alt=\"OMV2018 (2)\" width=\"300\" height=\"225\" srcset=\"http:\/\/constantia1877.bplaced.net\/Constantia_WP\/wp-content\/uploads\/2015\/03\/OMV2018-2-300x225.jpg 300w, http:\/\/constantia1877.bplaced.net\/Constantia_WP\/wp-content\/uploads\/2015\/03\/OMV2018-2.jpg 1024w\" sizes=\"(max-width: 300px) 100vw, 300px\" \/><\/a>Gegen 20:00 Uhr begann im Vereinshaus die Jahreshauptversammlung. Auch Bezirksjungsch\u00fctzenmeisterin Michaela Wirtz war anwesend. Als die Ehrungen auf der Tagesordnung standen ergriff sie das Wort. Sie sieht die Entwicklung der Jugendarbeit bei der Constantia in den letzten Jahren sehr positiv. In ihrer Laudatio dankt sie Achim Gorgs f\u00fcr seinen Einsatz f\u00fcr die Jugend \u00fcber Jahrzehnte hinweg.\u00a0 Sie hebt sein Engagement hervor, dankt ihm f\u00fcr seinen Einsatz und verleiht ihm den Jugendverdienstorden in Bronze. Voller Stolz nahm Achim Gorgs die Ehrennadel sowie die Urkunde entgegen.<\/p>\n<p><a href=\"http:\/\/constantia1877.bplaced.net\/Constantia_WP\/wp-content\/uploads\/2015\/03\/OMV2018-1.jpg\"><img loading=\"lazy\" decoding=\"async\" class=\"size-medium alignleft wp-image-833\" src=\"http:\/\/constantia1877.bplaced.net\/Constantia_WP\/wp-content\/uploads\/2015\/03\/OMV2018-1-300x225.jpg\" alt=\"OMV2018 (1)\" width=\"300\" height=\"225\" srcset=\"http:\/\/constantia1877.bplaced.net\/Constantia_WP\/wp-content\/uploads\/2015\/03\/OMV2018-1-300x225.jpg 300w, http:\/\/constantia1877.bplaced.net\/Constantia_WP\/wp-content\/uploads\/2015\/03\/OMV2018-1.jpg 1024w\" sizes=\"(max-width: 300px) 100vw, 300px\" \/><\/a>Im Anschluss wurde Andreas St\u00f6cker f\u00fcr seine 25-j\u00e4hrige Mitgliedschaft und Lutz Knabel f\u00fcr seine 40-j\u00e4hrige Mitgliedschaft geehrt.<\/p>\n<p>Josef Mock war \u00fcber 20 Jahre lang Kassierer der Bruderschaft. Er bedankte sich bei allen, die ihn w\u00e4hrend seiner Amtszeit unterst\u00fctzt haben, teilte der Versammlung aber mit, dass er f\u00fcr eine erneute Wahl nicht zur Verf\u00fcgung stehe. Sch\u00fctzenmeister Horst Peters bedankte sich bei Josef f\u00fcr seinen jahrzehntelangen Einsatz. Die Mitglieder taten es ihm mit einem donnernden Applaus gleich.<\/p>\n<p>Bei den anschlie\u00dfenden Wahlen wurde Claudia Gorgs zur neuen Kassiererin der Bruderschaft gew\u00e4hlt. Heinz Malsbenden wurde von der Versammlung zum 3. Beisitzer ernannt. Kommandeur Lutz Knabel und Schie\u00dfmeisterin Sigrid Cremer wurden in ihren \u00c4mtern wiedergew\u00e4hlt.<\/p>\n<p>Nach den Neuwahlen informierte der Vorstand die Mitglieder \u00fcber die neuen Herausforderungen des Sch\u00fctzenjahres. Man gab einen ersten Ausblick auf das Sch\u00fctzenfest 2018. Der Sch\u00fctzenfest-Freitag am 29.06. wird wieder mit dem &#8220;Holiday Check-in op K\u00f6lsch&#8221; starten. F\u00fcr den Abend konnten &#8220;DJ K\u00f6lsch Bloot&#8221;, &#8220;Manni O.&#8221; sowie die &#8220;Echte Fr\u00fcnde&#8221; engagiert werden. Es wird also ganz sicher wieder ein sehr stimmungsvoller Abend und ein passender Auftakt f\u00fcr ein hoffentlich tolles Sch\u00fctzenfest. In diesem Jahr wird der Fackelzug mit den befreundeten Bruderschaften wieder am Sonntagabend stattfinden.<\/p>\n<p>Nach gut drei Stunden schloss Horst Peters die Sitzung, welche alle Mitglieder als sehr konstruktiv und harmonisch empfanden. Das neue Jahr kann starten!<\/p>\n<p><a href=\"http:\/\/constantia1877.bplaced.net\/Constantia_WP\/wp-content\/uploads\/2015\/03\/OMV2018-3.jpg\"><img loading=\"lazy\" decoding=\"async\" class=\"wp-image-835 size-large\" src=\"http:\/\/constantia1877.bplaced.net\/Constantia_WP\/wp-content\/uploads\/2015\/03\/OMV2018-3-1024x768.jpg\" alt=\"OMV2018 (3)\" width=\"720\" height=\"540\" srcset=\"http:\/\/constantia1877.bplaced.net\/Constantia_WP\/wp-content\/uploads\/2015\/03\/OMV2018-3.jpg 1024w, http:\/\/constantia1877.bplaced.net\/Constantia_WP\/wp-content\/uploads\/2015\/03\/OMV2018-3-300x225.jpg 300w\" sizes=\"(max-width: 720px) 100vw, 720px\" \/><\/a><\/p>\n","protected":false},"excerpt":{"rendered":"<p>Die Constantia startete mit ihrer Jahreshauptversammlung ab 03.02. in ein neues Sch\u00fctzenjahr. Zun\u00e4chst traf man sich am alten Friedhof zur Kranzniederlegung. Anschlie\u00dfend zog man zur Pfarrkirche St. Nikolaus und besuchte den Wortgottesdienst.<br \/>\nGegen 20:00 Uhr begann dann im Vereinshaus die Jahreshauptversammlung. Auch Bezirksjungsch\u00fctzenmeisterin Michaela Wirtz war anwesend. Als die Ehrungen auf der Tagesordnung standen ergriff sie das Wort. Sie sieht die Entwicklung der Jugendarbeit bei der Constantia in den letzten Jahren sehr positiv. In ihrer Laudatio dankt sie Achim Gorgs f\u00fcr seinen Einsatz f\u00fcr die Jugend \u00fcber Jahrzehnte hinweg.  Sie hebt sein Engagement hervor, dankt ihm f\u00fcr seinen Einsatz und verleiht ihm den Jugendverdienstorden in Bronze. Voller stolz nahm Achim Gorgs die Ehrennadel sowie die Urkunde entgegen.<\/p>\n","protected":false},"author":2,"featured_media":833,"comment_status":"closed","ping_status":"open","sticky":false,"template":"","format":"standard","meta":{"footnotes":""},"categories":[1],"tags":[39,14],"_links":{"self":[{"href":"http:\/\/constantia1877.bplaced.net\/Constantia_WP\/index.php?rest_route=\/wp\/v2\/posts\/836"}],"collection":[{"href":"http:\/\/constantia1877.bplaced.net\/Constantia_WP\/index.php?rest_route=\/wp\/v2\/posts"}],"about":[{"href":"http:\/\/constantia1877.bplaced.net\/Constantia_WP\/index.php?rest_route=\/wp\/v2\/types\/post"}],"author":[{"embeddable":true,"href":"http:\/\/constantia1877.bplaced.net\/Constantia_WP\/index.php?rest_route=\/wp\/v2\/users\/2"}],"replies":[{"embeddable":true,"href":"http:\/\/constantia1877.bplaced.net\/Constantia_WP\/index.php?rest_route=%2Fwp%2Fv2%2Fcomments&post=836"}],"version-history":[{"count":3,"href":"http:\/\/constantia1877.bplaced.net\/Constantia_WP\/index.php?rest_route=\/wp\/v2\/posts\/836\/revisions"}],"predecessor-version":[{"id":1161,"href":"http:\/\/constantia1877.bplaced.net\/Constantia_WP\/index.php?rest_route=\/wp\/v2\/posts\/836\/revisions\/1161"}],"wp:featuredmedia":[{"embeddable":true,"href":"http:\/\/constantia1877.bplaced.net\/Constantia_WP\/index.php?rest_route=\/wp\/v2\/media\/833"}],"wp:attachment":[{"href":"http:\/\/constantia1877.bplaced.net\/Constantia_WP\/index.php?rest_route=%2Fwp%2Fv2%2Fmedia&parent=836"}],"wp:term":[{"taxonomy":"category","embeddable":true,"href":"http:\/\/constantia1877.bplaced.net\/Constantia_WP\/index.php?rest_route=%2Fwp%2Fv2%2Fcategories&post=836"},{"taxonomy":"post_tag","embeddable":true,"href":"http:\/\/constantia1877.bplaced.net\/Constantia_WP\/index.php?rest_route=%2Fwp%2Fv2%2Ftags&post=836"}],"curies":[{"name":"wp","href":"https:\/\/api.w.org\/{rel}","templated":true}]}}