{"id":744,"date":"2017-07-03T16:27:28","date_gmt":"2017-07-03T14:27:28","guid":{"rendered":"http:\/\/constantia1877.bplaced.net\/Constantia_WP\/?p=744"},"modified":"2017-07-03T16:30:35","modified_gmt":"2017-07-03T14:30:35","slug":"schuetzenfest-feiern-jedes-jahr-4-tage-lang","status":"publish","type":"post","link":"http:\/\/constantia1877.bplaced.net\/Constantia_WP\/?p=744","title":{"rendered":"Sch\u00fctzenfest feiern, jedes Jahr 4 Tage lang!"},"content":{"rendered":"<p><a href=\"http:\/\/constantia1877.bplaced.net\/Constantia_WP\/wp-content\/uploads\/2015\/03\/Schuetzenfest2017-7.jpg\"><img loading=\"lazy\" decoding=\"async\" class=\"alignleft size-medium wp-image-743\" src=\"http:\/\/constantia1877.bplaced.net\/Constantia_WP\/wp-content\/uploads\/2015\/03\/Schuetzenfest2017-7-300x225.jpg\" alt=\"Schuetzenfest2017 (7)\" width=\"300\" height=\"225\" srcset=\"http:\/\/constantia1877.bplaced.net\/Constantia_WP\/wp-content\/uploads\/2015\/03\/Schuetzenfest2017-7-300x225.jpg 300w, http:\/\/constantia1877.bplaced.net\/Constantia_WP\/wp-content\/uploads\/2015\/03\/Schuetzenfest2017-7.jpg 1024w\" sizes=\"(max-width: 300px) 100vw, 300px\" \/><\/a>Am 03.07 endete schlie\u00dflich das Sch\u00fctzenfest 2017. Die Sch\u00fctzenbruderschaft Constantia blickt zur\u00fcck auf ein gelungenes Fest. Begonnen hatte es mit dem &#8220;<a title=\"Holiday Check-In op K\u00f6lsch\" href=\"http:\/\/constantia1877.bplaced.net\/Constantia_WP\/?p=716\">Holiday Check-In op K\u00f6lsch<\/a>&#8221; am Freitag dem 30.06.2017 . Zu k\u00f6lschen T\u00f6n wurde kr\u00e4ftig gefeiert und das Festzelt f\u00fcr die n\u00e4chsten Tage &#8220;eingeweiht&#8221;.<\/p>\n<p>Am Samstag zog man bei leichtem Nieselregen durch den Ort und zur Kranzniederlegung auf den neuen Friedhof. Aufgrund der Witterung musste der Zapfenstreich in das Festzelt verlegt werden. Dies tat dem stimmungsvollem Highlight jedoch keinen Abbruch. Es folgte der Abschiedsball unserer scheidenden Majest\u00e4ten. <a href=\"http:\/\/constantia1877.bplaced.net\/Constantia_WP\/wp-content\/uploads\/2015\/03\/Schuetzenfest2017-2.jpg\"><img loading=\"lazy\" decoding=\"async\" class=\"alignright size-medium wp-image-738\" src=\"http:\/\/constantia1877.bplaced.net\/Constantia_WP\/wp-content\/uploads\/2015\/03\/Schuetzenfest2017-2-300x225.jpg\" alt=\"Schuetzenfest2017 (2)\" width=\"300\" height=\"225\" srcset=\"http:\/\/constantia1877.bplaced.net\/Constantia_WP\/wp-content\/uploads\/2015\/03\/Schuetzenfest2017-2-300x225.jpg 300w, http:\/\/constantia1877.bplaced.net\/Constantia_WP\/wp-content\/uploads\/2015\/03\/Schuetzenfest2017-2.jpg 1024w\" sizes=\"(max-width: 300px) 100vw, 300px\" \/><\/a>Hierzu konnten wir den Bundesk\u00f6nig Nikolas Rosenstock der St. Laurentius Sch\u00fctzenbruderschaft aus Aachen-Laurensberg, die Di\u00f6zesank\u00f6nigin Ekle Uerlings-Heidb\u00fcchel der\u00a0St. Heribertus Sch\u00fctzenbruderschaft Kreuzau und den Bezirksk\u00f6nig Stefan Pesch der historischen Bogensch\u00fctzen D\u00fcren begr\u00fc\u00dfen. <a href=\"http:\/\/constantia1877.bplaced.net\/Constantia_WP\/wp-content\/uploads\/2015\/03\/Schuetzenfest2017-1.jpg\"><img loading=\"lazy\" decoding=\"async\" class=\"alignright size-medium wp-image-737\" src=\"http:\/\/constantia1877.bplaced.net\/Constantia_WP\/wp-content\/uploads\/2015\/03\/Schuetzenfest2017-1-300x225.jpg\" alt=\"Schuetzenfest2017 (1)\" width=\"300\" height=\"225\" srcset=\"http:\/\/constantia1877.bplaced.net\/Constantia_WP\/wp-content\/uploads\/2015\/03\/Schuetzenfest2017-1-300x225.jpg 300w, http:\/\/constantia1877.bplaced.net\/Constantia_WP\/wp-content\/uploads\/2015\/03\/Schuetzenfest2017-1.jpg 1024w\" sizes=\"(max-width: 300px) 100vw, 300px\" \/><\/a>Gegen 22:00 Uhr, zum Gl\u00fcck wieder bei trockener Witterung, zog der Fackelzug durch den Ortsteil. Wie immer gab es auch ein Feuerwerk zu ehren der Majest\u00e4ten und Ehreng\u00e4ste zu bestaunen.<\/p>\n<p>Am Sonntagvormittag gab es eine stimmungsvoll Messfeier im Festzelt. Anschlie\u00dfend wurden unsere <a title=\"Unsere neuen Majest\u00e4ten\" href=\"http:\/\/constantia1877.bplaced.net\/Constantia_WP\/?p=725\">neuen Majest\u00e4ten ermittelt<\/a>. Am Abend war dann zum feierlichen K\u00f6nigsball eingeladen. Die Geschwisterband R.E.F. sorgte f\u00fcr gute Stimmung auf und neben der Tanzfl\u00e4che. Als besonderes Highlight besuchten uns die Rhine Area Pipes and Drums und beeindruckten mit ihrem Dudelsack-Spiel. Da bekamen nicht wenige G\u00e4ste G\u00e4nsehaut.<\/p>\n<p><a href=\"http:\/\/constantia1877.bplaced.net\/Constantia_WP\/wp-content\/uploads\/2015\/03\/Schuetzenfest2017-3.jpg\"><img loading=\"lazy\" decoding=\"async\" class=\"alignright size-medium wp-image-739\" src=\"http:\/\/constantia1877.bplaced.net\/Constantia_WP\/wp-content\/uploads\/2015\/03\/Schuetzenfest2017-3-300x225.jpg\" alt=\"Schuetzenfest2017 (3)\" width=\"300\" height=\"225\" srcset=\"http:\/\/constantia1877.bplaced.net\/Constantia_WP\/wp-content\/uploads\/2015\/03\/Schuetzenfest2017-3-300x225.jpg 300w, http:\/\/constantia1877.bplaced.net\/Constantia_WP\/wp-content\/uploads\/2015\/03\/Schuetzenfest2017-3.jpg 1024w\" sizes=\"(max-width: 300px) 100vw, 300px\" \/><\/a>Der Montag begann mit einem Gottesdienst im St. Nikolaus-Stift gefolgt von einem Fr\u00fchst\u00fcck im Festzelt. Die Bilder des gro\u00dfen Malwettbewerbs konnten bestaunt werden. Die Gewinner zeigen\u00a0wir in k\u00fcrze hier auf unserer Homepage. Die Kinder der OGS zogen mit einem Kinder-Sch\u00fctzen-Umzug zum Festplatz und wurden bereits von Clown Willi empfangen der f\u00fcr einige laute Lacher sorgte. Am Nachmittag fand traditionell das Nicht-Prinzen-Schie\u00dfen statt. <a href=\"http:\/\/constantia1877.bplaced.net\/Constantia_WP\/wp-content\/uploads\/2015\/03\/Schuetzenfest2017-5-e1499090479565.jpg\"><img loading=\"lazy\" decoding=\"async\" class=\"alignleft size-medium wp-image-741\" src=\"http:\/\/constantia1877.bplaced.net\/Constantia_WP\/wp-content\/uploads\/2015\/03\/Schuetzenfest2017-5-e1499090479565-225x300.jpg\" alt=\"Schuetzenfest2017 (5)\" width=\"225\" height=\"300\" srcset=\"http:\/\/constantia1877.bplaced.net\/Constantia_WP\/wp-content\/uploads\/2015\/03\/Schuetzenfest2017-5-e1499090479565-225x300.jpg 225w, http:\/\/constantia1877.bplaced.net\/Constantia_WP\/wp-content\/uploads\/2015\/03\/Schuetzenfest2017-5-e1499090479565.jpg 768w\" sizes=\"(max-width: 225px) 100vw, 225px\" \/><\/a>Hier hatte es Lutz Knabel scheinbar sehr eilig, denn er holte den Vogel bereits mit dem 4. Schuss von der Stange. Den Abschluss des Sch\u00fctzenfestes machte dann das &#8220;Frauen-Power-Schie\u00dfen&#8221;. Annemie Mock brachte den Vogel mit dem 20. Schuss zu Fall. Wir w\u00fcnschen nochmals allen Majest\u00e4ten und Gewinnern der Schie\u00dfwettbewerbe herzlichen Gl\u00fcckwunsch und freuen uns \u00fcber ein tolles und gelungenes Fest gemeinsam mit unseren Mitgliedern, Freunden und der Bev\u00f6lkerung. Im n\u00e4chsten Jahr hei\u00dft es dann wieder: &#8220;Sch\u00fctzenfest feiern, jedes Jahr 4 Tage lang!&#8221;<\/p>\n<p>&nbsp;<\/p>\n<p><a href=\"http:\/\/constantia1877.bplaced.net\/Constantia_WP\/wp-content\/uploads\/2015\/03\/Schuetzenfest2017-6.jpg\"><img loading=\"lazy\" decoding=\"async\" class=\"aligncenter size-full wp-image-742\" src=\"http:\/\/constantia1877.bplaced.net\/Constantia_WP\/wp-content\/uploads\/2015\/03\/Schuetzenfest2017-6.jpg\" alt=\"Schuetzenfest2017 (6)\" width=\"960\" height=\"540\" srcset=\"http:\/\/constantia1877.bplaced.net\/Constantia_WP\/wp-content\/uploads\/2015\/03\/Schuetzenfest2017-6.jpg 960w, http:\/\/constantia1877.bplaced.net\/Constantia_WP\/wp-content\/uploads\/2015\/03\/Schuetzenfest2017-6-300x169.jpg 300w\" sizes=\"(max-width: 960px) 100vw, 960px\" \/><\/a><\/p>\n","protected":false},"excerpt":{"rendered":"<p>Am 03.07 endete schlie\u00dflich das Sch\u00fctzenfest 2017. Die Sch\u00fctzenbruderschaft Constantia blickt zur\u00fcck auf ein gelungenes Fest. Begonnen hatte es mit dem &#8220;Holiday Check-In op K\u00f6lsch&#8221; am Freitag dem 30.06.2017 . Zu k\u00f6lschen T\u00f6n wurde kr\u00e4ftig gefeiert und das Festzelt f\u00fcr die n\u00e4chsten Tage &#8220;eingeweiht&#8221;.<br \/>\nAm Samstag zog man bei leichtem Nieselregen durch den Ort und zur Kranzniederlegung auf den neuen Friedhof. Aufgrund der Witterung musste der Zapfenstreich in das Festzelt verlegt werden. Dies tat dem stimmungsvollem Highlight jedoch keinen Abbruch. Es folgte der Abschiedsball unserer scheidenden Majest\u00e4ten.<\/p>\n","protected":false},"author":2,"featured_media":739,"comment_status":"closed","ping_status":"open","sticky":false,"template":"","format":"standard","meta":{"footnotes":""},"categories":[5],"tags":[130,129,127,113,57,128,6],"_links":{"self":[{"href":"http:\/\/constantia1877.bplaced.net\/Constantia_WP\/index.php?rest_route=\/wp\/v2\/posts\/744"}],"collection":[{"href":"http:\/\/constantia1877.bplaced.net\/Constantia_WP\/index.php?rest_route=\/wp\/v2\/posts"}],"about":[{"href":"http:\/\/constantia1877.bplaced.net\/Constantia_WP\/index.php?rest_route=\/wp\/v2\/types\/post"}],"author":[{"embeddable":true,"href":"http:\/\/constantia1877.bplaced.net\/Constantia_WP\/index.php?rest_route=\/wp\/v2\/users\/2"}],"replies":[{"embeddable":true,"href":"http:\/\/constantia1877.bplaced.net\/Constantia_WP\/index.php?rest_route=%2Fwp%2Fv2%2Fcomments&post=744"}],"version-history":[{"count":4,"href":"http:\/\/constantia1877.bplaced.net\/Constantia_WP\/index.php?rest_route=\/wp\/v2\/posts\/744\/revisions"}],"predecessor-version":[{"id":749,"href":"http:\/\/constantia1877.bplaced.net\/Constantia_WP\/index.php?rest_route=\/wp\/v2\/posts\/744\/revisions\/749"}],"wp:featuredmedia":[{"embeddable":true,"href":"http:\/\/constantia1877.bplaced.net\/Constantia_WP\/index.php?rest_route=\/wp\/v2\/media\/739"}],"wp:attachment":[{"href":"http:\/\/constantia1877.bplaced.net\/Constantia_WP\/index.php?rest_route=%2Fwp%2Fv2%2Fmedia&parent=744"}],"wp:term":[{"taxonomy":"category","embeddable":true,"href":"http:\/\/constantia1877.bplaced.net\/Constantia_WP\/index.php?rest_route=%2Fwp%2Fv2%2Fcategories&post=744"},{"taxonomy":"post_tag","embeddable":true,"href":"http:\/\/constantia1877.bplaced.net\/Constantia_WP\/index.php?rest_route=%2Fwp%2Fv2%2Ftags&post=744"}],"curies":[{"name":"wp","href":"https:\/\/api.w.org\/{rel}","templated":true}]}}