{"id":655,"date":"2017-03-26T14:12:34","date_gmt":"2017-03-26T12:12:34","guid":{"rendered":"http:\/\/constantia1877.bplaced.net\/Constantia_WP\/?p=655"},"modified":"2017-03-26T14:12:34","modified_gmt":"2017-03-26T12:12:34","slug":"bruderschaftstag","status":"publish","type":"post","link":"http:\/\/constantia1877.bplaced.net\/Constantia_WP\/?p=655","title":{"rendered":"Bruderschaftstag"},"content":{"rendered":"<p><a href=\"http:\/\/constantia1877.bplaced.net\/Constantia_WP\/wp-content\/uploads\/2017\/03\/Bruderschaftstag1.jpg\"><img loading=\"lazy\" decoding=\"async\" class=\"alignright size-medium wp-image-656\" src=\"http:\/\/constantia1877.bplaced.net\/Constantia_WP\/wp-content\/uploads\/2017\/03\/Bruderschaftstag1-300x225.jpg\" alt=\"Bruderschaftstag1\" width=\"300\" height=\"225\" srcset=\"http:\/\/constantia1877.bplaced.net\/Constantia_WP\/wp-content\/uploads\/2017\/03\/Bruderschaftstag1-300x225.jpg 300w, http:\/\/constantia1877.bplaced.net\/Constantia_WP\/wp-content\/uploads\/2017\/03\/Bruderschaftstag1.jpg 1024w\" sizes=\"(max-width: 300px) 100vw, 300px\" \/><\/a>Am 26.03. fand der diesj\u00e4hrige Bruderschaftstag des Bezirksverbandes D\u00fcren-Nord in R\u00f6lsdorf statt. Der Morgen begann um 9:00 Uhr in der Pfarrkirche St. Nikolaus. Bezirkspr\u00e4ses Hans-Otto von Danwitz zelebrierte gemeinsam mit den Abordnungen der Bruderschaften des Bezirkes eine stimmungsvolle Messfeier.<\/p>\n<p><a href=\"http:\/\/constantia1877.bplaced.net\/Constantia_WP\/wp-content\/uploads\/2017\/03\/Bruderschaftstag2.jpg\"><img loading=\"lazy\" decoding=\"async\" class=\"alignleft size-medium wp-image-657\" src=\"http:\/\/constantia1877.bplaced.net\/Constantia_WP\/wp-content\/uploads\/2017\/03\/Bruderschaftstag2-300x225.jpg\" alt=\"Bruderschaftstag2\" width=\"300\" height=\"225\" srcset=\"http:\/\/constantia1877.bplaced.net\/Constantia_WP\/wp-content\/uploads\/2017\/03\/Bruderschaftstag2-300x225.jpg 300w, http:\/\/constantia1877.bplaced.net\/Constantia_WP\/wp-content\/uploads\/2017\/03\/Bruderschaftstag2.jpg 1024w\" sizes=\"(max-width: 300px) 100vw, 300px\" \/><\/a>Anschlie\u00dfend zogen die 170 Sch\u00fctzen zum Vereinshaus. Im Saal war das Fr\u00fchst\u00fcck bereits vorbereitet. In geselliger Runde lie\u00df man sich die Br\u00f6tchen und den Kaffee schmecken, bevor gegen 11:00 Uhr Pfarrer von Danwitz einen Vortrag zum Thema &#8220;Die p\u00e4pstliche\u00a0Enzyklika Laudato si und ihre Konsequenzen f\u00fcr unser Handeln&#8221; hielt. <a href=\"http:\/\/constantia1877.bplaced.net\/Constantia_WP\/wp-content\/uploads\/2017\/03\/Bruderschaftstag3.jpg\"><img loading=\"lazy\" decoding=\"async\" class=\"alignright size-medium wp-image-658\" src=\"http:\/\/constantia1877.bplaced.net\/Constantia_WP\/wp-content\/uploads\/2017\/03\/Bruderschaftstag3-300x225.jpg\" alt=\"Bruderschaftstag3\" width=\"300\" height=\"225\" srcset=\"http:\/\/constantia1877.bplaced.net\/Constantia_WP\/wp-content\/uploads\/2017\/03\/Bruderschaftstag3-300x225.jpg 300w, http:\/\/constantia1877.bplaced.net\/Constantia_WP\/wp-content\/uploads\/2017\/03\/Bruderschaftstag3.jpg 1024w\" sizes=\"(max-width: 300px) 100vw, 300px\" \/><\/a>Die Anwesenden erhielten interessante Einblicke in das Rundschreiben des Papstes. So mancher Fingerzeig f\u00fcr das private und das Vereinsleben wurde gegeben.<\/p>\n<p>An dieser Stelle m\u00f6chten wir uns herzlich bei allen Besuchern bedanken. Ein besonderer Dank gilt allen Helfern, ohne die die Veranstaltung nicht so erfolgreich h\u00e4tte ablaufen k\u00f6nnen. Hervorzuheben ist hier unsere Sch\u00fctzenjugend, die mit ihrer schon professionellen Bewirtung daf\u00fcr gesorgt hat, dass bei den G\u00e4sten keine Kehle trocken blieb und kein Magen knurren musste.<\/p>\n<p><a href=\"http:\/\/constantia1877.bplaced.net\/Constantia_WP\/wp-content\/uploads\/2017\/03\/Bruderschaftstag4.jpg\"><img loading=\"lazy\" decoding=\"async\" class=\"aligncenter size-medium wp-image-659\" src=\"http:\/\/constantia1877.bplaced.net\/Constantia_WP\/wp-content\/uploads\/2017\/03\/Bruderschaftstag4-300x225.jpg\" alt=\"Bruderschaftstag4\" width=\"300\" height=\"225\" srcset=\"http:\/\/constantia1877.bplaced.net\/Constantia_WP\/wp-content\/uploads\/2017\/03\/Bruderschaftstag4-300x225.jpg 300w, http:\/\/constantia1877.bplaced.net\/Constantia_WP\/wp-content\/uploads\/2017\/03\/Bruderschaftstag4.jpg 1024w\" sizes=\"(max-width: 300px) 100vw, 300px\" \/><\/a><\/p>\n","protected":false},"excerpt":{"rendered":"<p>Am 26.03. fand der diesj\u00e4hrige Bruderschaftstag des Bezirksverbandes D\u00fcren-Nord in R\u00f6lsdorf statt. Der Morgen begann um 9:00 Uhr in der Pfarrkirche St. Nikolaus. Bezirkspr\u00e4ses Hans-Otto von Danwitz zelebrierte gemeinsam mit den Abordnungen der Bruderschaften des Bezirkes eine stimmungsvolle Messfeier.<\/p>\n","protected":false},"author":2,"featured_media":658,"comment_status":"closed","ping_status":"open","sticky":false,"template":"","format":"standard","meta":{"footnotes":""},"categories":[1],"tags":[121,122,36],"_links":{"self":[{"href":"http:\/\/constantia1877.bplaced.net\/Constantia_WP\/index.php?rest_route=\/wp\/v2\/posts\/655"}],"collection":[{"href":"http:\/\/constantia1877.bplaced.net\/Constantia_WP\/index.php?rest_route=\/wp\/v2\/posts"}],"about":[{"href":"http:\/\/constantia1877.bplaced.net\/Constantia_WP\/index.php?rest_route=\/wp\/v2\/types\/post"}],"author":[{"embeddable":true,"href":"http:\/\/constantia1877.bplaced.net\/Constantia_WP\/index.php?rest_route=\/wp\/v2\/users\/2"}],"replies":[{"embeddable":true,"href":"http:\/\/constantia1877.bplaced.net\/Constantia_WP\/index.php?rest_route=%2Fwp%2Fv2%2Fcomments&post=655"}],"version-history":[{"count":3,"href":"http:\/\/constantia1877.bplaced.net\/Constantia_WP\/index.php?rest_route=\/wp\/v2\/posts\/655\/revisions"}],"predecessor-version":[{"id":662,"href":"http:\/\/constantia1877.bplaced.net\/Constantia_WP\/index.php?rest_route=\/wp\/v2\/posts\/655\/revisions\/662"}],"wp:featuredmedia":[{"embeddable":true,"href":"http:\/\/constantia1877.bplaced.net\/Constantia_WP\/index.php?rest_route=\/wp\/v2\/media\/658"}],"wp:attachment":[{"href":"http:\/\/constantia1877.bplaced.net\/Constantia_WP\/index.php?rest_route=%2Fwp%2Fv2%2Fmedia&parent=655"}],"wp:term":[{"taxonomy":"category","embeddable":true,"href":"http:\/\/constantia1877.bplaced.net\/Constantia_WP\/index.php?rest_route=%2Fwp%2Fv2%2Fcategories&post=655"},{"taxonomy":"post_tag","embeddable":true,"href":"http:\/\/constantia1877.bplaced.net\/Constantia_WP\/index.php?rest_route=%2Fwp%2Fv2%2Ftags&post=655"}],"curies":[{"name":"wp","href":"https:\/\/api.w.org\/{rel}","templated":true}]}}