{"id":545,"date":"2016-07-09T11:38:18","date_gmt":"2016-07-09T09:38:18","guid":{"rendered":"http:\/\/constantia1877.bplaced.net\/Constantia_WP\/?p=545"},"modified":"2016-07-09T11:38:18","modified_gmt":"2016-07-09T09:38:18","slug":"schuetzenfest-2016","status":"publish","type":"post","link":"http:\/\/constantia1877.bplaced.net\/Constantia_WP\/?p=545","title":{"rendered":"Sch\u00fctzenfest 2016"},"content":{"rendered":"<p><a href=\"http:\/\/constantia1877.bplaced.net\/Constantia_WP\/wp-content\/uploads\/2015\/03\/Schuetzenfest2016_1.jpg\"><img loading=\"lazy\" decoding=\"async\" class=\"alignleft size-medium wp-image-515\" src=\"http:\/\/constantia1877.bplaced.net\/Constantia_WP\/wp-content\/uploads\/2015\/03\/Schuetzenfest2016_1-300x225.jpg\" alt=\"Schuetzenfest2016_1\" width=\"300\" height=\"225\" srcset=\"http:\/\/constantia1877.bplaced.net\/Constantia_WP\/wp-content\/uploads\/2015\/03\/Schuetzenfest2016_1-300x225.jpg 300w, http:\/\/constantia1877.bplaced.net\/Constantia_WP\/wp-content\/uploads\/2015\/03\/Schuetzenfest2016_1.jpg 1024w\" sizes=\"(max-width: 300px) 100vw, 300px\" \/><\/a>Die Sch\u00fctzenbruderschaft Constantia veranstaltete vom 01. bis zum 04.07. ihr diesj\u00e4hriges Sch\u00fctzenfest im R\u00f6lsdorfer Volkspark. Das Fest begann am Freitag mit der dritten Auflage der Holiday Check-In Party. Dank&#8221; des ausbleibenden Sommers waren die Temperaturen im Festzelt erstmals auf normalem Niveau. <a href=\"http:\/\/constantia1877.bplaced.net\/Constantia_WP\/wp-content\/uploads\/2015\/03\/Schuetzenfest2016_4.jpg\"><img loading=\"lazy\" decoding=\"async\" class=\"alignright size-medium wp-image-518\" src=\"http:\/\/constantia1877.bplaced.net\/Constantia_WP\/wp-content\/uploads\/2015\/03\/Schuetzenfest2016_4-300x225.jpg\" alt=\"Schuetzenfest2016_4\" width=\"300\" height=\"225\" srcset=\"http:\/\/constantia1877.bplaced.net\/Constantia_WP\/wp-content\/uploads\/2015\/03\/Schuetzenfest2016_4-300x225.jpg 300w, http:\/\/constantia1877.bplaced.net\/Constantia_WP\/wp-content\/uploads\/2015\/03\/Schuetzenfest2016_4.jpg 1024w\" sizes=\"(max-width: 300px) 100vw, 300px\" \/><\/a>Andrea Berg Double Sibylle und Roland Kaiser Double Tom begeisterten nicht nur die Schlagerfans im Festzelt, so dass es den Partyg\u00e4sten dennoch schnell warm wurde. Zuletzt kamen die Rurw\u00fcrmer auf die B\u00fchne und begeisterten mit ihrer Mischung aus K\u00f6lsch-M\u00e4dels-Rock, Schlager und Party.<\/p>\n<p><a href=\"http:\/\/constantia1877.bplaced.net\/Constantia_WP\/wp-content\/uploads\/2015\/03\/K1024_Schuetzenfest2016-3.jpg\"><img loading=\"lazy\" decoding=\"async\" class=\"alignleft size-medium wp-image-542\" src=\"http:\/\/constantia1877.bplaced.net\/Constantia_WP\/wp-content\/uploads\/2015\/03\/K1024_Schuetzenfest2016-3-225x300.jpg\" alt=\"K1024_Schuetzenfest2016 (3)\" width=\"225\" height=\"300\" srcset=\"http:\/\/constantia1877.bplaced.net\/Constantia_WP\/wp-content\/uploads\/2015\/03\/K1024_Schuetzenfest2016-3-225x300.jpg 225w, http:\/\/constantia1877.bplaced.net\/Constantia_WP\/wp-content\/uploads\/2015\/03\/K1024_Schuetzenfest2016-3.jpg 768w\" sizes=\"(max-width: 225px) 100vw, 225px\" \/><\/a>Der Samstag begann mit der Kranzniederlegung auf dem neuen Friedhof und einem Gottesdienst in unserer Pfarrkirche St. Nikolaus. Anschlie\u00dfend war dann auch schon direkt Aufstellung zum gro\u00dfen Festumzug der, aufgrund des Fu\u00dfballspiels der deutschen Nationalmannschaft gegen Italien, auf 20:00 Uhr vorverlegt werden musste. Zahlreiche Teilnehmer aus dem Bezirksverband D\u00fcren-Nord gaben unserer amtierenden Bezirksk\u00f6nigin Sigrid Cremer die Ehre und sorgten f\u00fcr ein tolles Bild auf den Stra\u00dfen. Anschlie\u00dfend stieg der Abschiedsball im Festzelt, bei dem auch die Fu\u00dfballfans die M\u00f6glichkeit hatten, das Spiel zu verfolgen. Die Geschwisterband R.E.F sorgte den ganzen Abend f\u00fcr die musikalische Unterhaltung. So stiegen Spa\u00df und Spannung bis zum 11-Meter-Schie\u00dfen an. Anschlie\u00dfend wurde dann hemmungslos abgefeiert.<\/p>\n<p>Der Sonntag startete mit den Schie\u00dfwettk\u00e4mpfen um die K\u00f6nigs- und Prinzenw\u00fcrde. Sch\u00fclerprinzessin wurde Jeanina Bos, ihr Bruder Sebastian Bos errang die Prinzenw\u00fcrde und Richard Cremer holte den K\u00f6nigsvogel von der Stange. <a href=\"http:\/\/constantia1877.bplaced.net\/Constantia_WP\/wp-content\/uploads\/2015\/03\/K1024_Majestaueten2016.jpg\"><img loading=\"lazy\" decoding=\"async\" class=\"alignright size-medium wp-image-531\" src=\"http:\/\/constantia1877.bplaced.net\/Constantia_WP\/wp-content\/uploads\/2015\/03\/K1024_Majestaueten2016-300x200.jpg\" alt=\"K1024_Majestaueten2016\" width=\"300\" height=\"200\" srcset=\"http:\/\/constantia1877.bplaced.net\/Constantia_WP\/wp-content\/uploads\/2015\/03\/K1024_Majestaueten2016-300x200.jpg 300w, http:\/\/constantia1877.bplaced.net\/Constantia_WP\/wp-content\/uploads\/2015\/03\/K1024_Majestaueten2016-1024x683.jpg 1024w, http:\/\/constantia1877.bplaced.net\/Constantia_WP\/wp-content\/uploads\/2015\/03\/K1024_Majestaueten2016.jpg 1152w\" sizes=\"(max-width: 300px) 100vw, 300px\" \/><\/a>Bereits eine Woche zuvor schaffte es Michelle Ruland der diesj\u00e4hrige Kinderprinz zu sein. Am Abend zog man gemeinsam mit dem Gefolge zum Festzelt, wo die feierliche Kr\u00f6nung im gro\u00dfen Halbkreis stattfand. Anschlie\u00dfend startete der festliche K\u00f6nigsball. Die Melano Show-Band und die Geschwisterband R.E.F begeisterten sowohl die Abordnungen der befreundeten Bruderschaften als auch das Gefolge.<\/p>\n<p><a href=\"http:\/\/constantia1877.bplaced.net\/Constantia_WP\/wp-content\/uploads\/2016\/07\/K1024_Schuetzenfest-6.jpg\"><img loading=\"lazy\" decoding=\"async\" class=\"alignleft size-medium wp-image-550\" src=\"http:\/\/constantia1877.bplaced.net\/Constantia_WP\/wp-content\/uploads\/2016\/07\/K1024_Schuetzenfest-6-300x225.jpg\" alt=\"K1024_Schuetzenfest (6)\" width=\"300\" height=\"225\" srcset=\"http:\/\/constantia1877.bplaced.net\/Constantia_WP\/wp-content\/uploads\/2016\/07\/K1024_Schuetzenfest-6-300x225.jpg 300w, http:\/\/constantia1877.bplaced.net\/Constantia_WP\/wp-content\/uploads\/2016\/07\/K1024_Schuetzenfest-6.jpg 1024w\" sizes=\"(max-width: 300px) 100vw, 300px\" \/><\/a>Am Montag besuchten wir, wie es gute Tradition geworden ist, einen Gottesdienst im Altenstift St. Nikolaus. Das anschlie\u00dfende (Kater-)Fr\u00fchst\u00fcck im Festzelt wurde abgel\u00f6st von der Miniclub-Party von Ralf und Max. Zuvor waren die Kinder der OGS St. Nikolaus in einem Kinder-Sch\u00fctzenzug zum Zelt gebracht worden.<a href=\"http:\/\/constantia1877.bplaced.net\/Constantia_WP\/wp-content\/uploads\/2015\/03\/K1024_Schuetzenfest2016-1.jpg\"><img loading=\"lazy\" decoding=\"async\" class=\"alignright size-medium wp-image-540\" src=\"http:\/\/constantia1877.bplaced.net\/Constantia_WP\/wp-content\/uploads\/2015\/03\/K1024_Schuetzenfest2016-1-169x300.jpg\" alt=\"K1024_Schuetzenfest2016 (1)\" width=\"169\" height=\"300\" srcset=\"http:\/\/constantia1877.bplaced.net\/Constantia_WP\/wp-content\/uploads\/2015\/03\/K1024_Schuetzenfest2016-1-169x300.jpg 169w, http:\/\/constantia1877.bplaced.net\/Constantia_WP\/wp-content\/uploads\/2015\/03\/K1024_Schuetzenfest2016-1-576x1024.jpg 576w, http:\/\/constantia1877.bplaced.net\/Constantia_WP\/wp-content\/uploads\/2015\/03\/K1024_Schuetzenfest2016-1.jpg 768w\" sizes=\"(max-width: 169px) 100vw, 169px\" \/><\/a> Nach tollen Liedern und T\u00e4nzen ging es dann raus auf den Festplatz, wo Freifahrten und Getr\u00e4nke f\u00fcr die Kinder bereit standen. Am Hochstand errang w\u00e4hrenddessen Detlef F\u00f6hrer die &#8220;Nicht-Prinzen-Ehre&#8221;. Anschlie\u00dfend setzte sich Gabi Peters in einem wahrlich epischen Schie\u00dfen um den Frauen-Wanderpokal durch. Nach dem Kehraus und Aufr\u00e4umen traf man sich gemeinsam am Vereinshaus um das Fest langsam ausklingen zu lassen. Kommandeur Lutz Knabel erkl\u00e4rte schlie\u00dflich das gelungene Sch\u00fctzenfest um 19:30 Uhr f\u00fcr beendet.<\/p>\n","protected":false},"excerpt":{"rendered":"<p>Die Sch\u00fctzenbruderschaft Constantia veranstaltete vom 01. bis zum 04.07. ihr diesj\u00e4hriges Sch\u00fctzenfest im R\u00f6lsdorfer Volkspark. Das Fest begann am Freitag mit der dritten Auflage der Holiday Check-In Party. Dank&#8221; des ausbleibenden Sommers waren die Temparaturen im Festzelt erstmals auf normalem Niveau. Andrea Berg Double Sibylle und Roland Kaiser Double Tom begeisterten nicht nur die Schlagerfans im Festzelt, so dass es den Partyg\u00e4sten dennoch schnell warm wurde. Zuletzt kamen die Rurw\u00fcrmer auf die B\u00fchne und begeisterten mit ihrer Mischung aus K\u00f6lsch-M\u00e4dels-Rock, Schlager und Party.<\/p>\n","protected":false},"author":2,"featured_media":541,"comment_status":"closed","ping_status":"open","sticky":false,"template":"","format":"standard","meta":{"footnotes":""},"categories":[5],"tags":[111,7,52,112,108,110,53,6,107],"_links":{"self":[{"href":"http:\/\/constantia1877.bplaced.net\/Constantia_WP\/index.php?rest_route=\/wp\/v2\/posts\/545"}],"collection":[{"href":"http:\/\/constantia1877.bplaced.net\/Constantia_WP\/index.php?rest_route=\/wp\/v2\/posts"}],"about":[{"href":"http:\/\/constantia1877.bplaced.net\/Constantia_WP\/index.php?rest_route=\/wp\/v2\/types\/post"}],"author":[{"embeddable":true,"href":"http:\/\/constantia1877.bplaced.net\/Constantia_WP\/index.php?rest_route=\/wp\/v2\/users\/2"}],"replies":[{"embeddable":true,"href":"http:\/\/constantia1877.bplaced.net\/Constantia_WP\/index.php?rest_route=%2Fwp%2Fv2%2Fcomments&post=545"}],"version-history":[{"count":8,"href":"http:\/\/constantia1877.bplaced.net\/Constantia_WP\/index.php?rest_route=\/wp\/v2\/posts\/545\/revisions"}],"predecessor-version":[{"id":554,"href":"http:\/\/constantia1877.bplaced.net\/Constantia_WP\/index.php?rest_route=\/wp\/v2\/posts\/545\/revisions\/554"}],"wp:featuredmedia":[{"embeddable":true,"href":"http:\/\/constantia1877.bplaced.net\/Constantia_WP\/index.php?rest_route=\/wp\/v2\/media\/541"}],"wp:attachment":[{"href":"http:\/\/constantia1877.bplaced.net\/Constantia_WP\/index.php?rest_route=%2Fwp%2Fv2%2Fmedia&parent=545"}],"wp:term":[{"taxonomy":"category","embeddable":true,"href":"http:\/\/constantia1877.bplaced.net\/Constantia_WP\/index.php?rest_route=%2Fwp%2Fv2%2Fcategories&post=545"},{"taxonomy":"post_tag","embeddable":true,"href":"http:\/\/constantia1877.bplaced.net\/Constantia_WP\/index.php?rest_route=%2Fwp%2Fv2%2Ftags&post=545"}],"curies":[{"name":"wp","href":"https:\/\/api.w.org\/{rel}","templated":true}]}}