{"id":207,"date":"2015-06-09T22:51:54","date_gmt":"2015-06-09T20:51:54","guid":{"rendered":"http:\/\/constantia1877.bplaced.net\/Constantia_WP\/?p=207"},"modified":"2015-06-09T22:56:01","modified_gmt":"2015-06-09T20:56:01","slug":"teilnahme-am-kreisbundespokal-schiessen-des-kreisschuetzenbundes-dueren","status":"publish","type":"post","link":"http:\/\/constantia1877.bplaced.net\/Constantia_WP\/?p=207","title":{"rendered":"Teilnahme am  KREISBUNDESPOKAL-Schie\u00dfen des Kreissch\u00fctzenbundes D\u00fcren"},"content":{"rendered":"<p style=\"text-align: left;\">Unser Vorstand hat beschlossen, dass wir wieder bei Aktivit\u00e4ten des Kreissch\u00fctzenbundes D\u00fcren teilnehmen d\u00fcrfen.<\/p>\n<p style=\"text-align: left;\">So haben wir \u00a0mit den Sch\u00fctzinnen und Sch\u00fctzen<\/p>\n<p style=\"text-align: center;\">Anne Breuer<\/p>\n<p style=\"text-align: center;\">Horst Peters<\/p>\n<p style=\"text-align: center;\">Christian von der Schmitt<\/p>\n<p style=\"text-align: center;\">und\u00a0\u00a0 Heinz Wolters<\/p>\n<p style=\"text-align: left;\">am Schie\u00dfwettbewerb teilgenommen und einen guten 6. Platz errungen.<\/p>\n<p style=\"text-align: left;\">Im n\u00e4chsten Jahr k\u00f6nnen wir bestimmt ein paar Pl\u00e4tze vorr\u00fccken.<\/p>\n<p style=\"text-align: left;\">Herzlichen Gl\u00fcckwunsch<\/p>\n<p style=\"text-align: left;\"><a href=\"http:\/\/constantia1877.bplaced.net\/Constantia_WP\/wp-content\/uploads\/2015\/06\/20150608_201727_resized.jpg\"><img loading=\"lazy\" decoding=\"async\" class=\" size-medium wp-image-208 aligncenter\" src=\"http:\/\/constantia1877.bplaced.net\/Constantia_WP\/wp-content\/uploads\/2015\/06\/20150608_201727_resized-180x300.jpg\" alt=\"20150608_201727_resized\" width=\"180\" height=\"300\" srcset=\"http:\/\/constantia1877.bplaced.net\/Constantia_WP\/wp-content\/uploads\/2015\/06\/20150608_201727_resized-180x300.jpg 180w, http:\/\/constantia1877.bplaced.net\/Constantia_WP\/wp-content\/uploads\/2015\/06\/20150608_201727_resized-614x1024.jpg 614w, http:\/\/constantia1877.bplaced.net\/Constantia_WP\/wp-content\/uploads\/2015\/06\/20150608_201727_resized.jpg 768w\" sizes=\"(max-width: 180px) 100vw, 180px\" \/><\/a><\/p>\n","protected":false},"excerpt":{"rendered":"<p>Unser Vorstand hat beschlossen, dass wir wieder bei Aktivit\u00e4ten des Kreissch\u00fctzenbundes D\u00fcren teilnehmen d\u00fcrfen. So haben wir \u00a0mit den Sch\u00fctzinnen und Sch\u00fctzen Anne Breuer Horst Peters Christian von der Schmitt und\u00a0\u00a0 Heinz Wolters am&#46;&#46;&#46;<\/p>\n","protected":false},"author":2,"featured_media":126,"comment_status":"closed","ping_status":"open","sticky":false,"template":"","format":"standard","meta":{"footnotes":""},"categories":[3],"tags":[43,44],"_links":{"self":[{"href":"http:\/\/constantia1877.bplaced.net\/Constantia_WP\/index.php?rest_route=\/wp\/v2\/posts\/207"}],"collection":[{"href":"http:\/\/constantia1877.bplaced.net\/Constantia_WP\/index.php?rest_route=\/wp\/v2\/posts"}],"about":[{"href":"http:\/\/constantia1877.bplaced.net\/Constantia_WP\/index.php?rest_route=\/wp\/v2\/types\/post"}],"author":[{"embeddable":true,"href":"http:\/\/constantia1877.bplaced.net\/Constantia_WP\/index.php?rest_route=\/wp\/v2\/users\/2"}],"replies":[{"embeddable":true,"href":"http:\/\/constantia1877.bplaced.net\/Constantia_WP\/index.php?rest_route=%2Fwp%2Fv2%2Fcomments&post=207"}],"version-history":[{"count":4,"href":"http:\/\/constantia1877.bplaced.net\/Constantia_WP\/index.php?rest_route=\/wp\/v2\/posts\/207\/revisions"}],"predecessor-version":[{"id":212,"href":"http:\/\/constantia1877.bplaced.net\/Constantia_WP\/index.php?rest_route=\/wp\/v2\/posts\/207\/revisions\/212"}],"wp:featuredmedia":[{"embeddable":true,"href":"http:\/\/constantia1877.bplaced.net\/Constantia_WP\/index.php?rest_route=\/wp\/v2\/media\/126"}],"wp:attachment":[{"href":"http:\/\/constantia1877.bplaced.net\/Constantia_WP\/index.php?rest_route=%2Fwp%2Fv2%2Fmedia&parent=207"}],"wp:term":[{"taxonomy":"category","embeddable":true,"href":"http:\/\/constantia1877.bplaced.net\/Constantia_WP\/index.php?rest_route=%2Fwp%2Fv2%2Fcategories&post=207"},{"taxonomy":"post_tag","embeddable":true,"href":"http:\/\/constantia1877.bplaced.net\/Constantia_WP\/index.php?rest_route=%2Fwp%2Fv2%2Ftags&post=207"}],"curies":[{"name":"wp","href":"https:\/\/api.w.org\/{rel}","templated":true}]}}