{"id":194,"date":"2015-06-05T11:14:31","date_gmt":"2015-06-05T09:14:31","guid":{"rendered":"http:\/\/constantia1877.bplaced.net\/Constantia_WP\/?p=194"},"modified":"2015-06-05T11:14:31","modified_gmt":"2015-06-05T09:14:31","slug":"ausserordentliche-versammlung-2015","status":"publish","type":"post","link":"http:\/\/constantia1877.bplaced.net\/Constantia_WP\/?p=194","title":{"rendered":"Au\u00dferordentliche Versammlung 2015"},"content":{"rendered":"<p>Am 04.06. nahm die \u201eConstantia\u201c, wie jedes Jahr, an der Fronleichnamsprozession der GDG St. Elisabeth teil. Bei sonnigem, warmem Wetter zog man in Folge des Gottesdienstes von Lendersdorf nach Kufferath.<\/p>\n<p>Gegen 12:00 Uhr begann dann die au\u00dferordentliche Mitgliederversammlung, die traditionsgem\u00e4\u00df an Fronleichnam abgehalten wird um letzte Fragen bez\u00fcglich des Sch\u00fctzenfestes zu kl\u00e4ren. Nach den \u00fcblichen Tagesordnungspunkten zur Organisation der Versammlung wurde Frank Aldenhoven f\u00fcr seine 25-j\u00e4hrige Mitgliedschaft geehrt. Frank war mehrere Jahre im Vorstand t\u00e4tig und hat sich vor allem mit der Entwicklung unseres Internetauftritts verdient gemacht. Auch zahlreiche optisch ansprechende Plakatentw\u00fcrfe f\u00fcr unsere Veranstaltungen stammen aus seiner Feder.<\/p>\n<p>Bei der anschlie\u00dfenden Neuwahl wurde Joachim Mnich zum Beisitzer gew\u00e4hlt. Er wird das Vorstands-Team ab sofort verst\u00e4rken.<\/p>\n<p>Versammlungsleiter Horst Peters informierte \u00fcber den Planungsstand zum Sch\u00fctzenfest. In k\u00fcrze wird es auch hier dazu weitere Informationen geben.<\/p>\n<p>Die weitere Versammlung stand voll im Zeichen des Umbruchs in dem sich die Constantia, ohne Zweifel, befindet. Konstruktiv und in angenehmer Atmosph\u00e4re wurden derzeitige Probleme beim Namen genannt. Gemeinsam will man den Verein voran bringen und das Ansehen bei der Bev\u00f6lkerung weiter verbessern.<\/p>\n<p>Abschlie\u00dfend freut sich die Constantia auf ein hoffentlich erfolgreiches Sch\u00fctzenfest Anfang Juli.<\/p>\n<p style=\"text-align: center;\"><a href=\"http:\/\/constantia1877.bplaced.net\/Constantia_WP\/wp-content\/uploads\/2015\/06\/Aus_Versammlung_2015.jpg\"><img loading=\"lazy\" decoding=\"async\" class=\" size-full wp-image-193 aligncenter\" src=\"http:\/\/constantia1877.bplaced.net\/Constantia_WP\/wp-content\/uploads\/2015\/06\/Aus_Versammlung_2015.jpg\" alt=\"Aus_Versammlung_2015\" width=\"640\" height=\"480\" srcset=\"http:\/\/constantia1877.bplaced.net\/Constantia_WP\/wp-content\/uploads\/2015\/06\/Aus_Versammlung_2015.jpg 640w, http:\/\/constantia1877.bplaced.net\/Constantia_WP\/wp-content\/uploads\/2015\/06\/Aus_Versammlung_2015-300x225.jpg 300w\" sizes=\"(max-width: 640px) 100vw, 640px\" \/><\/a><em>v.l.n.r.: Brudermeister Chr. v.d.Schmitt, 2. Sch\u00fctzenmeister H. Peters, Frank Aldenhoven, K\u00f6nigin G. Peters<\/em><\/p>\n","protected":false},"excerpt":{"rendered":"<p>Am 04.06. nahm die \u201eConstantia\u201c, wie jedes Jahr, an der Fronleichnamsprozession der GDG St. Elisabeth teil. Bei sonnigem, warmem Wetter zog man in Folge des Gottesdienstes von Lendersdorf nach Kufferath. Gegen 12:00 Uhr begann&#46;&#46;&#46;<\/p>\n","protected":false},"author":2,"featured_media":193,"comment_status":"closed","ping_status":"open","sticky":false,"template":"","format":"standard","meta":{"footnotes":""},"categories":[1],"tags":[39,42,41],"_links":{"self":[{"href":"http:\/\/constantia1877.bplaced.net\/Constantia_WP\/index.php?rest_route=\/wp\/v2\/posts\/194"}],"collection":[{"href":"http:\/\/constantia1877.bplaced.net\/Constantia_WP\/index.php?rest_route=\/wp\/v2\/posts"}],"about":[{"href":"http:\/\/constantia1877.bplaced.net\/Constantia_WP\/index.php?rest_route=\/wp\/v2\/types\/post"}],"author":[{"embeddable":true,"href":"http:\/\/constantia1877.bplaced.net\/Constantia_WP\/index.php?rest_route=\/wp\/v2\/users\/2"}],"replies":[{"embeddable":true,"href":"http:\/\/constantia1877.bplaced.net\/Constantia_WP\/index.php?rest_route=%2Fwp%2Fv2%2Fcomments&post=194"}],"version-history":[{"count":4,"href":"http:\/\/constantia1877.bplaced.net\/Constantia_WP\/index.php?rest_route=\/wp\/v2\/posts\/194\/revisions"}],"predecessor-version":[{"id":198,"href":"http:\/\/constantia1877.bplaced.net\/Constantia_WP\/index.php?rest_route=\/wp\/v2\/posts\/194\/revisions\/198"}],"wp:featuredmedia":[{"embeddable":true,"href":"http:\/\/constantia1877.bplaced.net\/Constantia_WP\/index.php?rest_route=\/wp\/v2\/media\/193"}],"wp:attachment":[{"href":"http:\/\/constantia1877.bplaced.net\/Constantia_WP\/index.php?rest_route=%2Fwp%2Fv2%2Fmedia&parent=194"}],"wp:term":[{"taxonomy":"category","embeddable":true,"href":"http:\/\/constantia1877.bplaced.net\/Constantia_WP\/index.php?rest_route=%2Fwp%2Fv2%2Fcategories&post=194"},{"taxonomy":"post_tag","embeddable":true,"href":"http:\/\/constantia1877.bplaced.net\/Constantia_WP\/index.php?rest_route=%2Fwp%2Fv2%2Ftags&post=194"}],"curies":[{"name":"wp","href":"https:\/\/api.w.org\/{rel}","templated":true}]}}