{"id":1694,"date":"2024-06-22T10:07:36","date_gmt":"2024-06-22T08:07:36","guid":{"rendered":"http:\/\/constantia1877.bplaced.net\/Constantia_WP\/?p=1694"},"modified":"2024-07-03T18:59:17","modified_gmt":"2024-07-03T16:59:17","slug":"schuetzenfest-in-sicht-3","status":"publish","type":"post","link":"http:\/\/constantia1877.bplaced.net\/Constantia_WP\/?p=1694","title":{"rendered":"Sch\u00fctzenfest in Sicht!"},"content":{"rendered":"\n<p>Liebe R\u00f6lsdorfer,<\/p>\n\n\n\n<p>sehr geehrte Damen und Herren, auch in diesem Jahr l\u00e4dt die Sch\u00fctzenbruderschaft Constantia 1877 e.V. Sie herzlich dazu ein, gemeinsam mit uns vom 05.07. \u2013 08.07. vier Tage lang das Sch\u00fctzenfest zu feiern. Der Eintritt zu allen Veranstaltungen ist frei!<\/p>\n\n\n\n<p>Wir hei\u00dfen Sie herzlich im R\u00f6lsdorfer Volkspark willkommen, wo wir einen Getr\u00e4nke-Pavillon und ein Festzelt f\u00fcr Sie aufgebaut haben. Ein besonderer Dank geht an dieser Stelle an alle Sponsoren und Inserenten, deren gro\u00dfz\u00fcgige Unterst\u00fctzung das Fest in dieser Form erm\u00f6glicht. In diesem Jahr findet unser Fest parallel zur Fu\u00dfball-Europameisterschaft statt. Wir hoffen auf eine erfolgreiche Leistung unserer deutschen Mannschaft und werden selbstverst\u00e4ndlich das Spiel unserer Nationalelf live im Zelt \u00fcbertragen.<\/p>\n\n\n\n<p>Am Freitag starten wir mit dem &#8220;D\u00f6rp Dance&#8221; zu Musik aus den 70ern, 80ern und 90ern. Es ist also f\u00fcr jeden Geschmack etwas dabei. Zudem freuen wir uns, die KELZ BOYZ begr\u00fc\u00dfen zu d\u00fcrfen, die k\u00f6lsche \u201eT\u00f6n vum D\u00f6rp\u201c zum Besten geben werden! <\/p>\n\n\n\n<p>Am Samstagabend wird der Gro\u00dfe Zapfenstreich den festlichen Rahmen f\u00fcr den Abschied unserer scheidenden Majest\u00e4t bereichern.<\/p>\n\n\n\n<p>Neben dem Ausschie\u00dfen der Majest\u00e4ten am Sonntag ist sicherlich das gro\u00dfe Feuerwerk, zum Abschluss des Fackelzuges, gegen 22:15 Uhr auf dem Kirchenvorplatz ein H\u00f6hepunkt!<\/p>\n\n\n\n<p>Wir laden Sie herzlich ein, mit uns zu feiern und hei\u00dfen Sie willkommen. Ich w\u00fcnsche uns allen ein harmonisches und geselliges Sch\u00fctzenfest!<\/p>\n\n\n\n<p>Mit herzlichem Sch\u00fctzengru\u00df<br>Lutz Knabel<br>Sch\u00fctzenmeister<\/p>\n\n\n\n<figure class=\"wp-block-gallery has-nested-images columns-default is-cropped wp-block-gallery-1 is-layout-flex wp-block-gallery-is-layout-flex\">\n<figure class=\"wp-block-image size-large\"><a href=\"http:\/\/constantia1877.bplaced.net\/Constantia_WP\/wp-content\/uploads\/2024\/05\/2024-HSchuetzenfestplakat.jpg\"><img loading=\"lazy\" decoding=\"async\" width=\"725\" height=\"1024\" data-id=\"1684\" src=\"http:\/\/constantia1877.bplaced.net\/Constantia_WP\/wp-content\/uploads\/2024\/05\/2024-HSchuetzenfestplakat-725x1024.jpg\" alt=\"\" class=\"wp-image-1684\" srcset=\"http:\/\/constantia1877.bplaced.net\/Constantia_WP\/wp-content\/uploads\/2024\/05\/2024-HSchuetzenfestplakat-725x1024.jpg 725w, http:\/\/constantia1877.bplaced.net\/Constantia_WP\/wp-content\/uploads\/2024\/05\/2024-HSchuetzenfestplakat-212x300.jpg 212w, http:\/\/constantia1877.bplaced.net\/Constantia_WP\/wp-content\/uploads\/2024\/05\/2024-HSchuetzenfestplakat-768x1085.jpg 768w, http:\/\/constantia1877.bplaced.net\/Constantia_WP\/wp-content\/uploads\/2024\/05\/2024-HSchuetzenfestplakat-1087x1536.jpg 1087w, http:\/\/constantia1877.bplaced.net\/Constantia_WP\/wp-content\/uploads\/2024\/05\/2024-HSchuetzenfestplakat-1450x2048.jpg 1450w, http:\/\/constantia1877.bplaced.net\/Constantia_WP\/wp-content\/uploads\/2024\/05\/2024-HSchuetzenfestplakat.jpg 1595w\" sizes=\"(max-width: 725px) 100vw, 725px\" \/><\/a><\/figure>\n\n\n\n<figure class=\"wp-block-image size-large\"><a href=\"http:\/\/constantia1877.bplaced.net\/Constantia_WP\/wp-content\/uploads\/2024\/06\/DD.jpg\"><img loading=\"lazy\" decoding=\"async\" width=\"725\" height=\"1024\" data-id=\"1693\" src=\"http:\/\/constantia1877.bplaced.net\/Constantia_WP\/wp-content\/uploads\/2024\/06\/DD-725x1024.jpg\" alt=\"\" class=\"wp-image-1693\" srcset=\"http:\/\/constantia1877.bplaced.net\/Constantia_WP\/wp-content\/uploads\/2024\/06\/DD-725x1024.jpg 725w, http:\/\/constantia1877.bplaced.net\/Constantia_WP\/wp-content\/uploads\/2024\/06\/DD-212x300.jpg 212w, http:\/\/constantia1877.bplaced.net\/Constantia_WP\/wp-content\/uploads\/2024\/06\/DD-768x1085.jpg 768w, http:\/\/constantia1877.bplaced.net\/Constantia_WP\/wp-content\/uploads\/2024\/06\/DD-1087x1536.jpg 1087w, http:\/\/constantia1877.bplaced.net\/Constantia_WP\/wp-content\/uploads\/2024\/06\/DD.jpg 1200w\" sizes=\"(max-width: 725px) 100vw, 725px\" \/><\/a><\/figure>\n<\/figure>\n\n\n\n<h2 class=\"wp-block-heading\">Detaillierte Festfolge<\/h2>\n\n\n\n<h2 class=\"wp-block-heading\"><strong>Freitag:<\/strong><\/h2>\n\n\n\n<p>17:30 Uhr Treffen im Festzelt<br>18:00 Uhr Deutschland vs. Spanien im Festzelt<br><strong>20:00 Uhr D\u00f6rp D\u00e4nce feat. KELZ BOYZ<\/strong><\/p>\n\n\n\n<h2 class=\"wp-block-heading\"><strong>Samstag<\/strong>:<\/h2>\n\n\n\n<p>18:30 Uhr Treffen beim K\u00f6nig (In der M\u00fchlenau 135)<br>19:15 Uhr Ausmarsch \u201eAbholen der Majest\u00e4t &amp; Gefolge\u201c<br><em>Zugweg:<br>In der M\u00fchlenau, Monschaer Str. , Festzelt<\/em><br><strong>20:00 Uhr Good-Bye \u2013 Party mit Silvi und Ralf<\/strong><br><strong>inkl.   Gro\u00dfen Zapfenstreich<\/strong><\/p>\n\n\n\n<p><\/p>\n\n\n\n<h2 class=\"wp-block-heading\"><strong>Sonntag:<\/strong><\/h2>\n\n\n\n<p>09:30 Uhr Kranzniederlegung auf dem neuen Friedhof<br>10:00 Uhr Wortgottesdienst in der Pfarrkirche St. Nikolaus<br>11:15 Uhr\u00a0Ermittlung von Sch\u00fclerprinz, Prinz und K\u00f6nig &amp; anschl.\u00a0Proklamation der neuen W\u00fcrdentr\u00e4ger und Pokalgewinner<br>19:45 Uhr Empfang der Majest\u00e4ten und des Gefolges im Festzelt<\/p>\n\n\n\n<p><strong>20:00 Uhr&nbsp;Festliche Kr\u00f6nung der neuen Majest\u00e4t<\/strong><br><strong>anschl. K\u00f6nigsball mit Silvi und Ralf<\/strong><\/p>\n\n\n\n<p><strong>21:45 Uhr&nbsp;Fackelzug durch den Ortsteil<\/strong><br><em>Zugweg:<\/em> <em>Monschauer Str., Kapellenstr., In der M\u00fchlenau, Monschauer Str. G\u00fcrzenicher Str., An der Kette, An St. Nikolaus, Feuerwerk zu Ehren der Majest\u00e4ten, An der Ziegelei, G\u00fcrzenicher Str., Monschauer Stra\u00dfe<\/em><\/p>\n\n\n\n<h2 class=\"wp-block-heading\"><strong>Montag:<\/strong><\/h2>\n\n\n\n<p>10:00 Uhr Gemeinsames Fr\u00fchst\u00fcck im Festzelt<br>11:30 Uhr&nbsp;Schie\u00dfwettk\u00e4mpfe am Hochstand<br>15:00 Uhr&nbsp;Kehraus<\/p>\n","protected":false},"excerpt":{"rendered":"<p>Auch in diesem Jahr l\u00e4dt die Sch\u00fctzenbruderschaft Constantia 1877 e.V. Sie herzlich dazu ein, gemeinsam mit uns vom 05.07. \u2013 08.07. vier Tage lang das Sch\u00fctzenfest zu feiern. Der Eintritt zu allen Veranstaltungen ist frei!<\/p>\n","protected":false},"author":2,"featured_media":1399,"comment_status":"closed","ping_status":"open","sticky":false,"template":"","format":"standard","meta":{"footnotes":""},"categories":[1],"tags":[6],"_links":{"self":[{"href":"http:\/\/constantia1877.bplaced.net\/Constantia_WP\/index.php?rest_route=\/wp\/v2\/posts\/1694"}],"collection":[{"href":"http:\/\/constantia1877.bplaced.net\/Constantia_WP\/index.php?rest_route=\/wp\/v2\/posts"}],"about":[{"href":"http:\/\/constantia1877.bplaced.net\/Constantia_WP\/index.php?rest_route=\/wp\/v2\/types\/post"}],"author":[{"embeddable":true,"href":"http:\/\/constantia1877.bplaced.net\/Constantia_WP\/index.php?rest_route=\/wp\/v2\/users\/2"}],"replies":[{"embeddable":true,"href":"http:\/\/constantia1877.bplaced.net\/Constantia_WP\/index.php?rest_route=%2Fwp%2Fv2%2Fcomments&post=1694"}],"version-history":[{"count":2,"href":"http:\/\/constantia1877.bplaced.net\/Constantia_WP\/index.php?rest_route=\/wp\/v2\/posts\/1694\/revisions"}],"predecessor-version":[{"id":1698,"href":"http:\/\/constantia1877.bplaced.net\/Constantia_WP\/index.php?rest_route=\/wp\/v2\/posts\/1694\/revisions\/1698"}],"wp:featuredmedia":[{"embeddable":true,"href":"http:\/\/constantia1877.bplaced.net\/Constantia_WP\/index.php?rest_route=\/wp\/v2\/media\/1399"}],"wp:attachment":[{"href":"http:\/\/constantia1877.bplaced.net\/Constantia_WP\/index.php?rest_route=%2Fwp%2Fv2%2Fmedia&parent=1694"}],"wp:term":[{"taxonomy":"category","embeddable":true,"href":"http:\/\/constantia1877.bplaced.net\/Constantia_WP\/index.php?rest_route=%2Fwp%2Fv2%2Fcategories&post=1694"},{"taxonomy":"post_tag","embeddable":true,"href":"http:\/\/constantia1877.bplaced.net\/Constantia_WP\/index.php?rest_route=%2Fwp%2Fv2%2Ftags&post=1694"}],"curies":[{"name":"wp","href":"https:\/\/api.w.org\/{rel}","templated":true}]}}