{"id":1576,"date":"2023-07-04T18:09:29","date_gmt":"2023-07-04T16:09:29","guid":{"rendered":"http:\/\/constantia1877.bplaced.net\/Constantia_WP\/?p=1576"},"modified":"2023-07-13T22:36:31","modified_gmt":"2023-07-13T20:36:31","slug":"schuetzenfest-2023","status":"publish","type":"post","link":"http:\/\/constantia1877.bplaced.net\/Constantia_WP\/?p=1576","title":{"rendered":"Sch\u00fctzenfest 2023"},"content":{"rendered":"\n<p>Ein tolles Fest ist zu Ende gegangen. Vom 30.06. bis zum 03.07. feierten wir unser diesj\u00e4hriges Sch\u00fctzenfest. Erstmals seit langer Zeit haben wir, aufgrund der stark gestiegenen Preise f\u00fcr ein Festzelt, im Saal des Gasthauses Gohr gefeiert.<\/p>\n\n\n\n<iframe loading=\"lazy\" width=\"560\" height=\"315\" src=\"https:\/\/www.youtube-nocookie.com\/embed\/2gJJRDqBhGI\" title=\"YouTube video player\" frameborder=\"0\" allow=\"accelerometer; autoplay; clipboard-write; encrypted-media; gyroscope; picture-in-picture; web-share\" allowfullscreen><\/iframe>\n\n\n\n<p>Das Fest begann mit dem Ausmarsch zur Abholung des Sch\u00fctzenmeisters. Anschlie\u00dfend zogen die Mitglieder zum neuen Friedhof zur Kranzniederlegung, bei der der stellv. Sch\u00fctzenmeister Lutz Knabel mit emotionalen Worten der verstorbenen Mitlieder gedachte. Gegen 20:00 Uhr begann dann die gro\u00dfe Er\u00f6ffnungs-Party unter dem Motto &#8220;Feiern geht vor &#8211; im Saal Gohr&#8221;.<\/p>\n\n\n\n<p>Am Samstag-Mittag wurde die Kindermajest\u00e4tenw\u00fcrde im Schie\u00dfkeller des Vereinshauses ausgeschossen. Aleksander Iftimie setzte sich hierbei mit 20 von 30 m\u00f6glichen Ringen durch. <\/p>\n\n\n<div class=\"wp-block-image\">\n<figure class=\"aligncenter size-large is-resized\"><a href=\"http:\/\/constantia1877.bplaced.net\/Constantia_WP\/wp-content\/uploads\/2023\/07\/Schuetzenfest2023-5.jpg\"><img loading=\"lazy\" decoding=\"async\" src=\"http:\/\/constantia1877.bplaced.net\/Constantia_WP\/wp-content\/uploads\/2023\/07\/Schuetzenfest2023-5-1024x768.jpg\" alt=\"\" class=\"wp-image-1568\" width=\"768\" height=\"576\" srcset=\"http:\/\/constantia1877.bplaced.net\/Constantia_WP\/wp-content\/uploads\/2023\/07\/Schuetzenfest2023-5-1024x768.jpg 1024w, http:\/\/constantia1877.bplaced.net\/Constantia_WP\/wp-content\/uploads\/2023\/07\/Schuetzenfest2023-5-300x225.jpg 300w, http:\/\/constantia1877.bplaced.net\/Constantia_WP\/wp-content\/uploads\/2023\/07\/Schuetzenfest2023-5-768x576.jpg 768w, http:\/\/constantia1877.bplaced.net\/Constantia_WP\/wp-content\/uploads\/2023\/07\/Schuetzenfest2023-5-1536x1152.jpg 1536w, http:\/\/constantia1877.bplaced.net\/Constantia_WP\/wp-content\/uploads\/2023\/07\/Schuetzenfest2023-5.jpg 1600w\" sizes=\"(max-width: 768px) 100vw, 768px\" \/><\/a><\/figure><\/div>\n\n\n<p>Am Abend wurde das noch amtierende K\u00f6nigspaar Christoph und Maren Knabel mit einem gro\u00dfen Umzug abgeholt und zum Saal gespielt. Hier stieg dann die gro\u00dfe Good-Bye-Party. Das Duo &#8220;Silvi und Ralf&#8221; sorgte f\u00fcr gro\u00dfartige Stimmung. Als Einlage traten die Kelz Boys auf, die mit k\u00f6lschen T\u00f6nen den Saal zum Kochen brachten.<\/p>\n\n\n\n<figure class=\"wp-block-gallery has-nested-images columns-default is-cropped wp-block-gallery-1 is-layout-flex wp-block-gallery-is-layout-flex\">\n<figure class=\"wp-block-image size-large\"><a href=\"http:\/\/constantia1877.bplaced.net\/Constantia_WP\/wp-content\/uploads\/2023\/07\/Schuetzenfest2023-2.jpg\"><img loading=\"lazy\" decoding=\"async\" width=\"577\" height=\"1024\" data-id=\"1565\" src=\"http:\/\/constantia1877.bplaced.net\/Constantia_WP\/wp-content\/uploads\/2023\/07\/Schuetzenfest2023-2-577x1024.jpg\" alt=\"\" class=\"wp-image-1565\" srcset=\"http:\/\/constantia1877.bplaced.net\/Constantia_WP\/wp-content\/uploads\/2023\/07\/Schuetzenfest2023-2-577x1024.jpg 577w, http:\/\/constantia1877.bplaced.net\/Constantia_WP\/wp-content\/uploads\/2023\/07\/Schuetzenfest2023-2-169x300.jpg 169w, http:\/\/constantia1877.bplaced.net\/Constantia_WP\/wp-content\/uploads\/2023\/07\/Schuetzenfest2023-2-768x1364.jpg 768w, http:\/\/constantia1877.bplaced.net\/Constantia_WP\/wp-content\/uploads\/2023\/07\/Schuetzenfest2023-2-865x1536.jpg 865w, http:\/\/constantia1877.bplaced.net\/Constantia_WP\/wp-content\/uploads\/2023\/07\/Schuetzenfest2023-2.jpg 1126w\" sizes=\"(max-width: 577px) 100vw, 577px\" \/><\/a><\/figure>\n\n\n\n<figure class=\"wp-block-image size-large\"><a href=\"http:\/\/constantia1877.bplaced.net\/Constantia_WP\/wp-content\/uploads\/2023\/07\/Schuetzenfest2023-3.jpg\"><img loading=\"lazy\" decoding=\"async\" width=\"768\" height=\"1024\" data-id=\"1566\" src=\"http:\/\/constantia1877.bplaced.net\/Constantia_WP\/wp-content\/uploads\/2023\/07\/Schuetzenfest2023-3-768x1024.jpg\" alt=\"\" class=\"wp-image-1566\" srcset=\"http:\/\/constantia1877.bplaced.net\/Constantia_WP\/wp-content\/uploads\/2023\/07\/Schuetzenfest2023-3-768x1024.jpg 768w, http:\/\/constantia1877.bplaced.net\/Constantia_WP\/wp-content\/uploads\/2023\/07\/Schuetzenfest2023-3-225x300.jpg 225w, http:\/\/constantia1877.bplaced.net\/Constantia_WP\/wp-content\/uploads\/2023\/07\/Schuetzenfest2023-3-1152x1536.jpg 1152w, http:\/\/constantia1877.bplaced.net\/Constantia_WP\/wp-content\/uploads\/2023\/07\/Schuetzenfest2023-3.jpg 1200w\" sizes=\"(max-width: 768px) 100vw, 768px\" \/><\/a><\/figure>\n\n\n\n<figure class=\"wp-block-image size-large\"><a href=\"http:\/\/constantia1877.bplaced.net\/Constantia_WP\/wp-content\/uploads\/2023\/07\/Schuetzenfest2023-4.jpg\"><img loading=\"lazy\" decoding=\"async\" width=\"1024\" height=\"768\" data-id=\"1567\" src=\"http:\/\/constantia1877.bplaced.net\/Constantia_WP\/wp-content\/uploads\/2023\/07\/Schuetzenfest2023-4-1024x768.jpg\" alt=\"\" class=\"wp-image-1567\" srcset=\"http:\/\/constantia1877.bplaced.net\/Constantia_WP\/wp-content\/uploads\/2023\/07\/Schuetzenfest2023-4-1024x768.jpg 1024w, http:\/\/constantia1877.bplaced.net\/Constantia_WP\/wp-content\/uploads\/2023\/07\/Schuetzenfest2023-4-300x225.jpg 300w, http:\/\/constantia1877.bplaced.net\/Constantia_WP\/wp-content\/uploads\/2023\/07\/Schuetzenfest2023-4-768x576.jpg 768w, http:\/\/constantia1877.bplaced.net\/Constantia_WP\/wp-content\/uploads\/2023\/07\/Schuetzenfest2023-4-1536x1152.jpg 1536w, http:\/\/constantia1877.bplaced.net\/Constantia_WP\/wp-content\/uploads\/2023\/07\/Schuetzenfest2023-4.jpg 1600w\" sizes=\"(max-width: 1024px) 100vw, 1024px\" \/><\/a><\/figure>\n\n\n\n<figure class=\"wp-block-image size-large\"><a href=\"http:\/\/constantia1877.bplaced.net\/Constantia_WP\/wp-content\/uploads\/2023\/07\/Schuetzenfest2023-1.jpg\"><img loading=\"lazy\" decoding=\"async\" width=\"1024\" height=\"576\" data-id=\"1575\" src=\"http:\/\/constantia1877.bplaced.net\/Constantia_WP\/wp-content\/uploads\/2023\/07\/Schuetzenfest2023-1-1024x576.jpg\" alt=\"\" class=\"wp-image-1575\" srcset=\"http:\/\/constantia1877.bplaced.net\/Constantia_WP\/wp-content\/uploads\/2023\/07\/Schuetzenfest2023-1-1024x576.jpg 1024w, http:\/\/constantia1877.bplaced.net\/Constantia_WP\/wp-content\/uploads\/2023\/07\/Schuetzenfest2023-1-300x169.jpg 300w, http:\/\/constantia1877.bplaced.net\/Constantia_WP\/wp-content\/uploads\/2023\/07\/Schuetzenfest2023-1-768x432.jpg 768w, http:\/\/constantia1877.bplaced.net\/Constantia_WP\/wp-content\/uploads\/2023\/07\/Schuetzenfest2023-1-1536x864.jpg 1536w, http:\/\/constantia1877.bplaced.net\/Constantia_WP\/wp-content\/uploads\/2023\/07\/Schuetzenfest2023-1.jpg 2048w\" sizes=\"(max-width: 1024px) 100vw, 1024px\" \/><\/a><\/figure>\n<\/figure>\n\n\n\n<p>Der Sonntag begann mit einem Wortgottesdienst. Anschlie\u00dfend wurden am Hochstand im Volkspark die neuen Majest\u00e4ten ermittelt. Den Anfang machten die Sch\u00fclersch\u00fctzen. Hier holte Tara Breuer mit dem 14. Schuss den Vogel vom Hochstand. Prinzessin wurde Lea St\u00f6cker. Das Federvieh viel mit dem 32. Schuss.<\/p>\n\n\n\n<p>Ihr Vater brauchte mit 71. Sch\u00fcssen etwas l\u00e4nger, der Vogel st\u00fcrzte aber schlie\u00dflich doch zu Boden. Thomas St\u00f6cker ist damit neuer K\u00f6nig der Constantia und kann gemeinsam mit seiner Tochter &#8220;regieren&#8221;.<\/p>\n\n\n\n<figure class=\"wp-block-gallery has-nested-images columns-default is-cropped wp-block-gallery-2 is-layout-flex wp-block-gallery-is-layout-flex\">\n<figure class=\"wp-block-image size-large\"><a href=\"http:\/\/constantia1877.bplaced.net\/Constantia_WP\/wp-content\/uploads\/2023\/07\/Schuetzenfest2023-6.jpg\"><img loading=\"lazy\" decoding=\"async\" width=\"1024\" height=\"768\" data-id=\"1569\" src=\"http:\/\/constantia1877.bplaced.net\/Constantia_WP\/wp-content\/uploads\/2023\/07\/Schuetzenfest2023-6-1024x768.jpg\" alt=\"\" class=\"wp-image-1569\" srcset=\"http:\/\/constantia1877.bplaced.net\/Constantia_WP\/wp-content\/uploads\/2023\/07\/Schuetzenfest2023-6-1024x768.jpg 1024w, http:\/\/constantia1877.bplaced.net\/Constantia_WP\/wp-content\/uploads\/2023\/07\/Schuetzenfest2023-6-300x225.jpg 300w, http:\/\/constantia1877.bplaced.net\/Constantia_WP\/wp-content\/uploads\/2023\/07\/Schuetzenfest2023-6-768x576.jpg 768w, http:\/\/constantia1877.bplaced.net\/Constantia_WP\/wp-content\/uploads\/2023\/07\/Schuetzenfest2023-6-1536x1152.jpg 1536w, http:\/\/constantia1877.bplaced.net\/Constantia_WP\/wp-content\/uploads\/2023\/07\/Schuetzenfest2023-6.jpg 1600w\" sizes=\"(max-width: 1024px) 100vw, 1024px\" \/><\/a><\/figure>\n\n\n\n<figure class=\"wp-block-image size-large\"><a href=\"http:\/\/constantia1877.bplaced.net\/Constantia_WP\/wp-content\/uploads\/2023\/07\/Schuetzenfest2023-7.jpg\"><img loading=\"lazy\" decoding=\"async\" width=\"1024\" height=\"768\" data-id=\"1570\" src=\"http:\/\/constantia1877.bplaced.net\/Constantia_WP\/wp-content\/uploads\/2023\/07\/Schuetzenfest2023-7-1024x768.jpg\" alt=\"\" class=\"wp-image-1570\" srcset=\"http:\/\/constantia1877.bplaced.net\/Constantia_WP\/wp-content\/uploads\/2023\/07\/Schuetzenfest2023-7-1024x768.jpg 1024w, http:\/\/constantia1877.bplaced.net\/Constantia_WP\/wp-content\/uploads\/2023\/07\/Schuetzenfest2023-7-300x225.jpg 300w, http:\/\/constantia1877.bplaced.net\/Constantia_WP\/wp-content\/uploads\/2023\/07\/Schuetzenfest2023-7-768x576.jpg 768w, http:\/\/constantia1877.bplaced.net\/Constantia_WP\/wp-content\/uploads\/2023\/07\/Schuetzenfest2023-7-1536x1152.jpg 1536w, http:\/\/constantia1877.bplaced.net\/Constantia_WP\/wp-content\/uploads\/2023\/07\/Schuetzenfest2023-7.jpg 1600w\" sizes=\"(max-width: 1024px) 100vw, 1024px\" \/><\/a><\/figure>\n\n\n\n<figure class=\"wp-block-image size-large\"><a href=\"http:\/\/constantia1877.bplaced.net\/Constantia_WP\/wp-content\/uploads\/2023\/07\/Schuetzenfest2023-8-rotated.jpg\"><img loading=\"lazy\" decoding=\"async\" width=\"768\" height=\"1024\" data-id=\"1571\" src=\"http:\/\/constantia1877.bplaced.net\/Constantia_WP\/wp-content\/uploads\/2023\/07\/Schuetzenfest2023-8-768x1024.jpg\" alt=\"\" class=\"wp-image-1571\" srcset=\"http:\/\/constantia1877.bplaced.net\/Constantia_WP\/wp-content\/uploads\/2023\/07\/Schuetzenfest2023-8-768x1024.jpg 768w, http:\/\/constantia1877.bplaced.net\/Constantia_WP\/wp-content\/uploads\/2023\/07\/Schuetzenfest2023-8-225x300.jpg 225w, http:\/\/constantia1877.bplaced.net\/Constantia_WP\/wp-content\/uploads\/2023\/07\/Schuetzenfest2023-8-1152x1536.jpg 1152w, http:\/\/constantia1877.bplaced.net\/Constantia_WP\/wp-content\/uploads\/2023\/07\/Schuetzenfest2023-8-rotated.jpg 1200w\" sizes=\"(max-width: 768px) 100vw, 768px\" \/><\/a><\/figure>\n<\/figure>\n\n\n\n<p>Die Majest\u00e4ten wurden am Abend im prall gef\u00fcllten Saal feierlich gekr\u00f6nt. Gegen Einbruch der Dunkelheit zog der Traditionelle Fackelzug mit Feuerwerk durch die Stra\u00dfen des Ortsteils. Hierbei nahmen auch unsere befreundeten Bruderschaften teil.<\/p>\n\n\n<div class=\"wp-block-image\">\n<figure class=\"aligncenter size-large is-resized\"><a href=\"http:\/\/constantia1877.bplaced.net\/Constantia_WP\/wp-content\/uploads\/2023\/07\/Schuetzenfest2023-9.jpg\"><img loading=\"lazy\" decoding=\"async\" src=\"http:\/\/constantia1877.bplaced.net\/Constantia_WP\/wp-content\/uploads\/2023\/07\/Schuetzenfest2023-9-768x1024.jpg\" alt=\"\" class=\"wp-image-1572\" width=\"576\" height=\"768\" srcset=\"http:\/\/constantia1877.bplaced.net\/Constantia_WP\/wp-content\/uploads\/2023\/07\/Schuetzenfest2023-9-768x1024.jpg 768w, http:\/\/constantia1877.bplaced.net\/Constantia_WP\/wp-content\/uploads\/2023\/07\/Schuetzenfest2023-9-225x300.jpg 225w, http:\/\/constantia1877.bplaced.net\/Constantia_WP\/wp-content\/uploads\/2023\/07\/Schuetzenfest2023-9-1152x1536.jpg 1152w, http:\/\/constantia1877.bplaced.net\/Constantia_WP\/wp-content\/uploads\/2023\/07\/Schuetzenfest2023-9.jpg 1536w\" sizes=\"(max-width: 576px) 100vw, 576px\" \/><\/a><\/figure><\/div>\n\n\n<p>Der Montag startete mit einem gemeinsamen Fr\u00fchst\u00fcck. Bei weiteren Schie\u00dfwettk\u00e4mpfen gewann Uli Peters den Frauen-Wanderpokal und Lutz Knabel setzte sich beim Schie\u00dfen um die Nicht-Prinzen-W\u00fcrde durch. Das Fest ging bei einem Fr\u00fchschoppen am Vereinshaus (der bis nach 18:00 Uhr dauerte) zu Ende.<\/p>\n\n\n\n<figure class=\"wp-block-gallery has-nested-images columns-default is-cropped wp-block-gallery-3 is-layout-flex wp-block-gallery-is-layout-flex\">\n<figure class=\"wp-block-image size-large\"><a href=\"http:\/\/constantia1877.bplaced.net\/Constantia_WP\/wp-content\/uploads\/2023\/07\/Schuetzenfest2023-11.jpg\"><img loading=\"lazy\" decoding=\"async\" width=\"1024\" height=\"768\" data-id=\"1574\" src=\"http:\/\/constantia1877.bplaced.net\/Constantia_WP\/wp-content\/uploads\/2023\/07\/Schuetzenfest2023-11-1024x768.jpg\" alt=\"\" class=\"wp-image-1574\" srcset=\"http:\/\/constantia1877.bplaced.net\/Constantia_WP\/wp-content\/uploads\/2023\/07\/Schuetzenfest2023-11-1024x768.jpg 1024w, http:\/\/constantia1877.bplaced.net\/Constantia_WP\/wp-content\/uploads\/2023\/07\/Schuetzenfest2023-11-300x225.jpg 300w, http:\/\/constantia1877.bplaced.net\/Constantia_WP\/wp-content\/uploads\/2023\/07\/Schuetzenfest2023-11-768x576.jpg 768w, http:\/\/constantia1877.bplaced.net\/Constantia_WP\/wp-content\/uploads\/2023\/07\/Schuetzenfest2023-11-1536x1152.jpg 1536w, http:\/\/constantia1877.bplaced.net\/Constantia_WP\/wp-content\/uploads\/2023\/07\/Schuetzenfest2023-11.jpg 1600w\" sizes=\"(max-width: 1024px) 100vw, 1024px\" \/><\/a><\/figure>\n\n\n\n<figure class=\"wp-block-image size-large\"><a href=\"http:\/\/constantia1877.bplaced.net\/Constantia_WP\/wp-content\/uploads\/2023\/07\/Schuetzenfest2023-10.jpg\"><img loading=\"lazy\" decoding=\"async\" width=\"1024\" height=\"768\" data-id=\"1573\" src=\"http:\/\/constantia1877.bplaced.net\/Constantia_WP\/wp-content\/uploads\/2023\/07\/Schuetzenfest2023-10-1024x768.jpg\" alt=\"\" class=\"wp-image-1573\" srcset=\"http:\/\/constantia1877.bplaced.net\/Constantia_WP\/wp-content\/uploads\/2023\/07\/Schuetzenfest2023-10-1024x768.jpg 1024w, http:\/\/constantia1877.bplaced.net\/Constantia_WP\/wp-content\/uploads\/2023\/07\/Schuetzenfest2023-10-300x225.jpg 300w, http:\/\/constantia1877.bplaced.net\/Constantia_WP\/wp-content\/uploads\/2023\/07\/Schuetzenfest2023-10-768x576.jpg 768w, http:\/\/constantia1877.bplaced.net\/Constantia_WP\/wp-content\/uploads\/2023\/07\/Schuetzenfest2023-10-1536x1152.jpg 1536w, http:\/\/constantia1877.bplaced.net\/Constantia_WP\/wp-content\/uploads\/2023\/07\/Schuetzenfest2023-10.jpg 1600w\" sizes=\"(max-width: 1024px) 100vw, 1024px\" \/><\/a><\/figure>\n<\/figure>\n","protected":false},"excerpt":{"rendered":"<p>Ein tolles Fest ist zu Ende gegangen. Vom 30.06. bis zum 03.07. feierten wir unser diesj\u00e4hriges Sch\u00fctzenfest. Erstmals seit langer Zeit haben wir, aufgrund der stark gestiegenen Preise f\u00fcr ein Festzelt, im Saal des Gasthauses Gohr gefeiert.<br \/>\nUPDATE: Jetzt auch mit Video!<\/p>\n","protected":false},"author":2,"featured_media":1575,"comment_status":"closed","ping_status":"open","sticky":false,"template":"","format":"standard","meta":{"footnotes":""},"categories":[5],"tags":[6],"_links":{"self":[{"href":"http:\/\/constantia1877.bplaced.net\/Constantia_WP\/index.php?rest_route=\/wp\/v2\/posts\/1576"}],"collection":[{"href":"http:\/\/constantia1877.bplaced.net\/Constantia_WP\/index.php?rest_route=\/wp\/v2\/posts"}],"about":[{"href":"http:\/\/constantia1877.bplaced.net\/Constantia_WP\/index.php?rest_route=\/wp\/v2\/types\/post"}],"author":[{"embeddable":true,"href":"http:\/\/constantia1877.bplaced.net\/Constantia_WP\/index.php?rest_route=\/wp\/v2\/users\/2"}],"replies":[{"embeddable":true,"href":"http:\/\/constantia1877.bplaced.net\/Constantia_WP\/index.php?rest_route=%2Fwp%2Fv2%2Fcomments&post=1576"}],"version-history":[{"count":3,"href":"http:\/\/constantia1877.bplaced.net\/Constantia_WP\/index.php?rest_route=\/wp\/v2\/posts\/1576\/revisions"}],"predecessor-version":[{"id":1580,"href":"http:\/\/constantia1877.bplaced.net\/Constantia_WP\/index.php?rest_route=\/wp\/v2\/posts\/1576\/revisions\/1580"}],"wp:featuredmedia":[{"embeddable":true,"href":"http:\/\/constantia1877.bplaced.net\/Constantia_WP\/index.php?rest_route=\/wp\/v2\/media\/1575"}],"wp:attachment":[{"href":"http:\/\/constantia1877.bplaced.net\/Constantia_WP\/index.php?rest_route=%2Fwp%2Fv2%2Fmedia&parent=1576"}],"wp:term":[{"taxonomy":"category","embeddable":true,"href":"http:\/\/constantia1877.bplaced.net\/Constantia_WP\/index.php?rest_route=%2Fwp%2Fv2%2Fcategories&post=1576"},{"taxonomy":"post_tag","embeddable":true,"href":"http:\/\/constantia1877.bplaced.net\/Constantia_WP\/index.php?rest_route=%2Fwp%2Fv2%2Ftags&post=1576"}],"curies":[{"name":"wp","href":"https:\/\/api.w.org\/{rel}","templated":true}]}}