{"id":1536,"date":"2023-06-04T13:23:45","date_gmt":"2023-06-04T11:23:45","guid":{"rendered":"http:\/\/constantia1877.bplaced.net\/Constantia_WP\/?p=1536"},"modified":"2023-06-04T13:23:46","modified_gmt":"2023-06-04T11:23:46","slug":"kinderkulturfest-2023","status":"publish","type":"post","link":"http:\/\/constantia1877.bplaced.net\/Constantia_WP\/?p=1536","title":{"rendered":"Kinderkulturfest 2023"},"content":{"rendered":"\n<p>Auch in diesem Jahr haben wir beim Kinderkulturfest am 03.06. im Willy-Brandt-Park (Stadtpark) teilgenommen.<\/p>\n\n\n\n<p>Unser Jugendteam hatte einen Grillstand aufgebaut, die Kohlen vorgeheizt und leckere W\u00fcrstchen auf das Rost gelegt. Als die Veranstaltung gegen 12:00 Uhr die Veranstaltung fahrt aufnahm, wurden W\u00fcrste im Akkord gegrillt, verkauft und verspeist.<\/p>\n\n\n\n<p>In den folgenden Sechs stunden gab es keinen Leerlauf und so waren alle Helfer und Beteiligten am Abend ganz sch\u00f6n m\u00fcde aber auch sehr gl\u00fccklich. Unser Grillstand und auch die gesamte Veranstaltungen mit tollen Aktivit\u00e4ten und Infos f\u00fcr Kinder war ein voller Erfolg. Wir freuen uns schon jetzt auf das n\u00e4chste Jahr.<\/p>\n\n\n\n<figure class=\"wp-block-gallery has-nested-images columns-default is-cropped wp-block-gallery-1 is-layout-flex wp-block-gallery-is-layout-flex\">\n<figure class=\"wp-block-image size-large\"><a href=\"http:\/\/constantia1877.bplaced.net\/Constantia_WP\/wp-content\/uploads\/2023\/06\/Kinderkulturfest2023-1.jpg\"><img loading=\"lazy\" decoding=\"async\" width=\"1024\" height=\"576\" data-id=\"1535\" src=\"http:\/\/constantia1877.bplaced.net\/Constantia_WP\/wp-content\/uploads\/2023\/06\/Kinderkulturfest2023-1-1024x576.jpg\" alt=\"\" class=\"wp-image-1535\" srcset=\"http:\/\/constantia1877.bplaced.net\/Constantia_WP\/wp-content\/uploads\/2023\/06\/Kinderkulturfest2023-1-1024x576.jpg 1024w, http:\/\/constantia1877.bplaced.net\/Constantia_WP\/wp-content\/uploads\/2023\/06\/Kinderkulturfest2023-1-300x169.jpg 300w, http:\/\/constantia1877.bplaced.net\/Constantia_WP\/wp-content\/uploads\/2023\/06\/Kinderkulturfest2023-1-768x432.jpg 768w, http:\/\/constantia1877.bplaced.net\/Constantia_WP\/wp-content\/uploads\/2023\/06\/Kinderkulturfest2023-1-1536x864.jpg 1536w, http:\/\/constantia1877.bplaced.net\/Constantia_WP\/wp-content\/uploads\/2023\/06\/Kinderkulturfest2023-1.jpg 1920w\" sizes=\"(max-width: 1024px) 100vw, 1024px\" \/><\/a><\/figure>\n\n\n\n<figure class=\"wp-block-image size-large\"><a href=\"http:\/\/constantia1877.bplaced.net\/Constantia_WP\/wp-content\/uploads\/2023\/06\/Kinderkulturfest2023-3.jpg\"><img loading=\"lazy\" decoding=\"async\" width=\"1024\" height=\"576\" data-id=\"1533\" src=\"http:\/\/constantia1877.bplaced.net\/Constantia_WP\/wp-content\/uploads\/2023\/06\/Kinderkulturfest2023-3-1024x576.jpg\" alt=\"\" class=\"wp-image-1533\" srcset=\"http:\/\/constantia1877.bplaced.net\/Constantia_WP\/wp-content\/uploads\/2023\/06\/Kinderkulturfest2023-3-1024x576.jpg 1024w, http:\/\/constantia1877.bplaced.net\/Constantia_WP\/wp-content\/uploads\/2023\/06\/Kinderkulturfest2023-3-300x169.jpg 300w, http:\/\/constantia1877.bplaced.net\/Constantia_WP\/wp-content\/uploads\/2023\/06\/Kinderkulturfest2023-3-768x432.jpg 768w, http:\/\/constantia1877.bplaced.net\/Constantia_WP\/wp-content\/uploads\/2023\/06\/Kinderkulturfest2023-3-1536x864.jpg 1536w, http:\/\/constantia1877.bplaced.net\/Constantia_WP\/wp-content\/uploads\/2023\/06\/Kinderkulturfest2023-3.jpg 1920w\" sizes=\"(max-width: 1024px) 100vw, 1024px\" \/><\/a><\/figure>\n\n\n\n<figure class=\"wp-block-image size-large\"><a href=\"http:\/\/constantia1877.bplaced.net\/Constantia_WP\/wp-content\/uploads\/2023\/06\/Kinderkulturfest2023-4.jpg\"><img loading=\"lazy\" decoding=\"async\" width=\"1024\" height=\"768\" data-id=\"1534\" src=\"http:\/\/constantia1877.bplaced.net\/Constantia_WP\/wp-content\/uploads\/2023\/06\/Kinderkulturfest2023-4-1024x768.jpg\" alt=\"\" class=\"wp-image-1534\" srcset=\"http:\/\/constantia1877.bplaced.net\/Constantia_WP\/wp-content\/uploads\/2023\/06\/Kinderkulturfest2023-4-1024x768.jpg 1024w, http:\/\/constantia1877.bplaced.net\/Constantia_WP\/wp-content\/uploads\/2023\/06\/Kinderkulturfest2023-4-300x225.jpg 300w, http:\/\/constantia1877.bplaced.net\/Constantia_WP\/wp-content\/uploads\/2023\/06\/Kinderkulturfest2023-4-768x576.jpg 768w, http:\/\/constantia1877.bplaced.net\/Constantia_WP\/wp-content\/uploads\/2023\/06\/Kinderkulturfest2023-4-1536x1152.jpg 1536w, http:\/\/constantia1877.bplaced.net\/Constantia_WP\/wp-content\/uploads\/2023\/06\/Kinderkulturfest2023-4.jpg 1600w\" sizes=\"(max-width: 1024px) 100vw, 1024px\" \/><\/a><\/figure>\n\n\n\n<figure class=\"wp-block-image size-large\"><a href=\"http:\/\/constantia1877.bplaced.net\/Constantia_WP\/wp-content\/uploads\/2023\/06\/Kinderkulturfest2023-2.jpg\"><img loading=\"lazy\" decoding=\"async\" width=\"1024\" height=\"768\" data-id=\"1532\" src=\"http:\/\/constantia1877.bplaced.net\/Constantia_WP\/wp-content\/uploads\/2023\/06\/Kinderkulturfest2023-2-1024x768.jpg\" alt=\"\" class=\"wp-image-1532\" srcset=\"http:\/\/constantia1877.bplaced.net\/Constantia_WP\/wp-content\/uploads\/2023\/06\/Kinderkulturfest2023-2-1024x768.jpg 1024w, http:\/\/constantia1877.bplaced.net\/Constantia_WP\/wp-content\/uploads\/2023\/06\/Kinderkulturfest2023-2-300x225.jpg 300w, http:\/\/constantia1877.bplaced.net\/Constantia_WP\/wp-content\/uploads\/2023\/06\/Kinderkulturfest2023-2-768x576.jpg 768w, http:\/\/constantia1877.bplaced.net\/Constantia_WP\/wp-content\/uploads\/2023\/06\/Kinderkulturfest2023-2-1536x1152.jpg 1536w, http:\/\/constantia1877.bplaced.net\/Constantia_WP\/wp-content\/uploads\/2023\/06\/Kinderkulturfest2023-2.jpg 1600w\" sizes=\"(max-width: 1024px) 100vw, 1024px\" \/><\/a><\/figure>\n<\/figure>\n","protected":false},"excerpt":{"rendered":"<p>Auch in diesem Jahr haben wir beim Kinderkulturfest am 03.06. im Willy-Brandt-Park (Stadtpark) teilgenommen.<\/p>\n","protected":false},"author":2,"featured_media":1534,"comment_status":"closed","ping_status":"open","sticky":false,"template":"","format":"standard","meta":{"footnotes":""},"categories":[4],"tags":[195,196,194],"_links":{"self":[{"href":"http:\/\/constantia1877.bplaced.net\/Constantia_WP\/index.php?rest_route=\/wp\/v2\/posts\/1536"}],"collection":[{"href":"http:\/\/constantia1877.bplaced.net\/Constantia_WP\/index.php?rest_route=\/wp\/v2\/posts"}],"about":[{"href":"http:\/\/constantia1877.bplaced.net\/Constantia_WP\/index.php?rest_route=\/wp\/v2\/types\/post"}],"author":[{"embeddable":true,"href":"http:\/\/constantia1877.bplaced.net\/Constantia_WP\/index.php?rest_route=\/wp\/v2\/users\/2"}],"replies":[{"embeddable":true,"href":"http:\/\/constantia1877.bplaced.net\/Constantia_WP\/index.php?rest_route=%2Fwp%2Fv2%2Fcomments&post=1536"}],"version-history":[{"count":1,"href":"http:\/\/constantia1877.bplaced.net\/Constantia_WP\/index.php?rest_route=\/wp\/v2\/posts\/1536\/revisions"}],"predecessor-version":[{"id":1537,"href":"http:\/\/constantia1877.bplaced.net\/Constantia_WP\/index.php?rest_route=\/wp\/v2\/posts\/1536\/revisions\/1537"}],"wp:featuredmedia":[{"embeddable":true,"href":"http:\/\/constantia1877.bplaced.net\/Constantia_WP\/index.php?rest_route=\/wp\/v2\/media\/1534"}],"wp:attachment":[{"href":"http:\/\/constantia1877.bplaced.net\/Constantia_WP\/index.php?rest_route=%2Fwp%2Fv2%2Fmedia&parent=1536"}],"wp:term":[{"taxonomy":"category","embeddable":true,"href":"http:\/\/constantia1877.bplaced.net\/Constantia_WP\/index.php?rest_route=%2Fwp%2Fv2%2Fcategories&post=1536"},{"taxonomy":"post_tag","embeddable":true,"href":"http:\/\/constantia1877.bplaced.net\/Constantia_WP\/index.php?rest_route=%2Fwp%2Fv2%2Ftags&post=1536"}],"curies":[{"name":"wp","href":"https:\/\/api.w.org\/{rel}","templated":true}]}}