{"id":1518,"date":"2023-06-26T10:26:27","date_gmt":"2023-06-26T08:26:27","guid":{"rendered":"http:\/\/constantia1877.bplaced.net\/Constantia_WP\/?p=1518"},"modified":"2023-06-26T10:26:27","modified_gmt":"2023-06-26T08:26:27","slug":"bald-ist-endlich-wieder-schuetzenfest","status":"publish","type":"post","link":"http:\/\/constantia1877.bplaced.net\/Constantia_WP\/?p=1518","title":{"rendered":"Bald ist endlich wieder Sch\u00fctzenfest"},"content":{"rendered":"\n<p>Bald ist es endlich wieder so weit. Die Sch\u00fctzenbruderschaft Constantia feiert vom 30.06. &#8211; 03.07. ihr diesj\u00e4hriges Sch\u00fctzenfest.<\/p>\n\n\n\n<p>In diesem Jahr findet das Sch\u00fctzenfest im Saal der Gastst\u00e4tte Gohr statt. Zeltmieten haben leider Gr\u00f6\u00dfenordnungen erreicht, die von d\u00f6rflichen Gemeinschaften nicht zu stemmen sind. Wir sind daher sehr froh dieses Jahr im Saale Gohr ein Sch\u00fctzenfest zu feiern zu k\u00f6nnen.<\/p>\n\n\n\n<p>Das Fest beginnt am 30.06. um 18:30 Uhr mit einem Ausmarsch zur Abholung des stellv. Sch\u00fctzenmeisters und der Kranzniederlegung. Nach dem Ausmarsch feiern wir im Saal eine Party unter dem Motto \u201eFeiern geht vor \u2013 im Saal Gohr\u201c. DJ Joachim und DJ Benedikt werden f\u00fcr tolle Stimmung sorgen.<\/p>\n\n\n\n<p>Am 01.07. findet um 13:00 Uhr die Ermittlung der Kindermajest\u00e4ten im Schie\u00dfkeller statt. Um 18:30 Uhr treffen wir uns beim K\u00f6nig  zum Ausmarsch Richtung Gastst\u00e4tte Gohr. Auch das Gefolge wird an diesem Ausmarsch teilnehmen. Es folgt die Good-Bye-Party mit Silvi und Ralf, die uns sicher wieder ordentlich einheizen werden. Gegen 22:00 Uhr tritt die K\u00f6lsch-Rock-Gruppe \u201eKelz-Boys\u201c als Special Guest auf.<\/p>\n\n\n\n<p>Der Sonntag startet um 10:00 Uhr mit einem Wortgottesdienst in der Pfarrkirche St. Nikolaus. Gegen 11:15 Uhr wird es dann spannend. Am Hochstand im Volkspark werden die Majest\u00e4ten ermittelt und anschlie\u00dfend im Saal Gohr bekanntgegeben.<\/p>\n\n\n\n<p>Um 20:00 Uhr beginnt der K\u00f6nigsball mit der festlichen Kr\u00f6nung der neuen Majest\u00e4ten. Wie immer findet gegen 21:45 Uhr der Fackelzug durch den Ort statt. <\/p>\n\n\n\n<p>Wir freuen uns \u00fcber jeden Gast, \u00fcber Flaggenschmuck und Feuerwerk zu Ehren unserer Majest\u00e4ten zum Fackelzug. Kommen Sie einfach mit dazu. Jeder ist willkommen.!<\/p>\n\n\n<div class=\"wp-block-image\">\n<figure class=\"aligncenter size-large\"><a href=\"http:\/\/constantia1877.bplaced.net\/Constantia_WP\/wp-content\/uploads\/2023\/05\/2023Schuetzenfestplakat.jpg\"><img loading=\"lazy\" decoding=\"async\" width=\"727\" height=\"1024\" src=\"http:\/\/constantia1877.bplaced.net\/Constantia_WP\/wp-content\/uploads\/2023\/05\/2023Schuetzenfestplakat-727x1024.jpg\" alt=\"\" class=\"wp-image-1515\" srcset=\"http:\/\/constantia1877.bplaced.net\/Constantia_WP\/wp-content\/uploads\/2023\/05\/2023Schuetzenfestplakat-727x1024.jpg 727w, http:\/\/constantia1877.bplaced.net\/Constantia_WP\/wp-content\/uploads\/2023\/05\/2023Schuetzenfestplakat-213x300.jpg 213w, http:\/\/constantia1877.bplaced.net\/Constantia_WP\/wp-content\/uploads\/2023\/05\/2023Schuetzenfestplakat-768x1082.jpg 768w, http:\/\/constantia1877.bplaced.net\/Constantia_WP\/wp-content\/uploads\/2023\/05\/2023Schuetzenfestplakat-1091x1536.jpg 1091w, http:\/\/constantia1877.bplaced.net\/Constantia_WP\/wp-content\/uploads\/2023\/05\/2023Schuetzenfestplakat.jpg 1200w\" sizes=\"(max-width: 727px) 100vw, 727px\" \/><\/a><\/figure><\/div>\n\n\n<p><\/p>\n\n\n\n<h2 class=\"wp-block-heading\">Detaillierte Festfolge<\/h2>\n\n\n\n<h2 class=\"wp-block-heading\"><strong>Freitag:<\/strong><\/h2>\n\n\n\n<p>18:00 Uhr Treffen an der Gastst\u00e4tte Gohr<br>18:30 Uhr Ausmarsch \u201eAbholen Sch\u00fctzenmeister und Kranzniederlegung\u201c<br><em>Zugweg:<\/em> <em><em>Monschauer Str., G\u00fcrzenicher Str., An der Kette, Flurstr., An St. Nikolaus, Abholung Sch\u00fctzenmeister, An der Ziegelei, Flurstr., Am Schlagbaum, Kranzniederlegung auf dem Friedhof, Am Schlagbaum, Flurstr., Dunantstr., Monschauer Str<\/em><\/em><\/p>\n\n\n\n<p><strong>20:00 Uhr&nbsp;FEIERN GEHT VOR &#8211; im Saal Gohr<\/strong><\/p>\n\n\n\n<h2 class=\"wp-block-heading\"><strong>Samstag<\/strong><\/h2>\n\n\n\n<p>13:00 Uhr&nbsp;Ermittlung der Kindermajest\u00e4t im Schie\u00dfkeller, Vereinshaus&nbsp;<br>18:30 Uhr Ausmarsch \u201eAbholen der Majest\u00e4t &amp; des Gefolges\u201c<br><em>Zugweg: <em>Ernst-Ohst-Str., In der M\u00fchlenau, Monschauer Str.<\/em><\/em><\/p>\n\n\n\n<p><strong>20:00 Uhr Good-Bye \u2013 Party mit Silvi und Ralf<\/strong><\/p>\n\n\n\n<h2 class=\"wp-block-heading\"><strong>Sonntag:<\/strong><\/h2>\n\n\n\n<p>10:00 Uhr Wortgottesdienst in der Pfarrkirche St. Nikolaus<br>11:15 Uhr&nbsp;Ermittlung von Sch\u00fclerprinz, Prinz und K\u00f6nig &amp; anschl.&nbsp;Proklamation der neuen W\u00fcrdentr\u00e4ger und Pokalgewinner<br>19:45 Uhr Empfang der Majest\u00e4ten und des Gefolges im Saal Gohr<\/p>\n\n\n\n<p><strong>20:00 Uhr&nbsp;Festliche Kr\u00f6nung der neuen Majest\u00e4t<\/strong><br><strong>Anschl. K\u00f6nigsball mit Silvi und Ralf<\/strong><\/p>\n\n\n\n<p><strong>21:45 Uhr&nbsp;Fackelzug durch den Ortsteil<\/strong><br><em>Zugweg:<\/em> <em>Monschauer Str., Kapellenstr., In der M\u00fchlenau, Monschauer Str. G\u00fcrzenicher Str., An der Kette, An St. Nikolaus, Feuerwerk zu Ehren der Majest\u00e4ten, An der Ziegelei, G\u00fcrzenicher Str., Monschauer Stra\u00dfe<\/em><\/p>\n\n\n\n<h2 class=\"wp-block-heading\"><strong>Montag:<\/strong><\/h2>\n\n\n\n<p>10:00 Uhr Gemeinsames Fr\u00fchst\u00fcck am Vereinshaus<br>11:30 Uhr&nbsp;Schie\u00dfwettk\u00e4mpfe im Schie\u00dfkeller des Vereinshauses<br>15:00 Uhr&nbsp;Kehraus<br><\/p>\n","protected":false},"excerpt":{"rendered":"<p>Bald ist es endlich wieder so weit. Die Sch\u00fctzenbruderschaft Constantia feiert vom 30.06. &#8211; 03.07. ihr diesj\u00e4hriges Sch\u00fctzenfest. In diesem Jahr findet das Sch\u00fctzenfest im Saal der Gastst\u00e4tte Gohr statt. Zeltmieten haben leider Gr\u00f6\u00dfenordnungen erreicht, die von d\u00f6rflichen Gemeinschaften nicht zu stemmen sind. Wir sind daher sehr froh dieses Jahr im Saale Gohr ein Sch\u00fctzenfest zu feiern zu k\u00f6nnen.<\/p>\n","protected":false},"author":2,"featured_media":1364,"comment_status":"closed","ping_status":"open","sticky":false,"template":"","format":"standard","meta":{"footnotes":""},"categories":[5,1],"tags":[136,193,183,181,192,6],"_links":{"self":[{"href":"http:\/\/constantia1877.bplaced.net\/Constantia_WP\/index.php?rest_route=\/wp\/v2\/posts\/1518"}],"collection":[{"href":"http:\/\/constantia1877.bplaced.net\/Constantia_WP\/index.php?rest_route=\/wp\/v2\/posts"}],"about":[{"href":"http:\/\/constantia1877.bplaced.net\/Constantia_WP\/index.php?rest_route=\/wp\/v2\/types\/post"}],"author":[{"embeddable":true,"href":"http:\/\/constantia1877.bplaced.net\/Constantia_WP\/index.php?rest_route=\/wp\/v2\/users\/2"}],"replies":[{"embeddable":true,"href":"http:\/\/constantia1877.bplaced.net\/Constantia_WP\/index.php?rest_route=%2Fwp%2Fv2%2Fcomments&post=1518"}],"version-history":[{"count":5,"href":"http:\/\/constantia1877.bplaced.net\/Constantia_WP\/index.php?rest_route=\/wp\/v2\/posts\/1518\/revisions"}],"predecessor-version":[{"id":1549,"href":"http:\/\/constantia1877.bplaced.net\/Constantia_WP\/index.php?rest_route=\/wp\/v2\/posts\/1518\/revisions\/1549"}],"wp:featuredmedia":[{"embeddable":true,"href":"http:\/\/constantia1877.bplaced.net\/Constantia_WP\/index.php?rest_route=\/wp\/v2\/media\/1364"}],"wp:attachment":[{"href":"http:\/\/constantia1877.bplaced.net\/Constantia_WP\/index.php?rest_route=%2Fwp%2Fv2%2Fmedia&parent=1518"}],"wp:term":[{"taxonomy":"category","embeddable":true,"href":"http:\/\/constantia1877.bplaced.net\/Constantia_WP\/index.php?rest_route=%2Fwp%2Fv2%2Fcategories&post=1518"},{"taxonomy":"post_tag","embeddable":true,"href":"http:\/\/constantia1877.bplaced.net\/Constantia_WP\/index.php?rest_route=%2Fwp%2Fv2%2Ftags&post=1518"}],"curies":[{"name":"wp","href":"https:\/\/api.w.org\/{rel}","templated":true}]}}