{"id":1198,"date":"2020-07-05T21:41:41","date_gmt":"2020-07-05T19:41:41","guid":{"rendered":"http:\/\/constantia1877.bplaced.net\/Constantia_WP\/?p=1198"},"modified":"2020-07-05T21:45:27","modified_gmt":"2020-07-05T19:45:27","slug":"kranzniederlegung-2020","status":"publish","type":"post","link":"http:\/\/constantia1877.bplaced.net\/Constantia_WP\/?p=1198","title":{"rendered":"Kranzniederlegung 2020"},"content":{"rendered":"\n<p>Jedes Jahr feiert die Sch\u00fctzenbruderschaft Constantia am\nersten Juli-Wochenende ihr Sch\u00fctzenfest. Doch im Jahr 2020 ist alles anders.<\/p>\n\n\n\n<p>Aufgrund der Corona-Pandemie kann das R\u00f6lsdorfer Volksfest\nnicht stattfinden. <\/p>\n\n\n\n<p>Dennoch versucht die Constantia ein wenig\nSch\u00fctzenfest-Stimmung zu verbreiten. Das Dorf wurde beflaggt und zwei Banner an\nden Ortseing\u00e4ngen informieren die Passanten \u00fcber den Termin des n\u00e4chsten\nSch\u00fctzenfests im Jahr 2021.<\/p>\n\n\n\n<p>Am 04.07. trafen sich die Mitglieder zur Kranzniederlegung am neuen Friedhof. Das Gedenken an die verstorbenen Kameraden ist fester Bestandteil des Sch\u00fctzenfestes. Es ist eine Selbstverst\u00e4ndlichkeit auch in diesem so seltsamen Jahr kurz am Ehrenkreuz inne zu halten und der Verstorbenen zu gedenken. Zahlreiche Mitglieder und auch Stadteilverordnete Iris Papst nahmen am stillen Gedenken teil.<\/p>\n\n\n\n<iframe loading=\"lazy\" width=\"560\" height=\"315\" src=\"https:\/\/www.youtube.com\/embed\/daJ6aexOh4w\" frameborder=\"0\" allow=\"accelerometer; autoplay; encrypted-media; gyroscope; picture-in-picture\" allowfullscreen><\/iframe>\n\n\n\n<figure class=\"wp-block-image size-large\"><img loading=\"lazy\" decoding=\"async\" width=\"1024\" height=\"768\" src=\"http:\/\/constantia1877.bplaced.net\/Constantia_WP\/wp-content\/uploads\/2020\/07\/Kranzniederlegung2020.jpg\" alt=\"\" class=\"wp-image-1197\" srcset=\"http:\/\/constantia1877.bplaced.net\/Constantia_WP\/wp-content\/uploads\/2020\/07\/Kranzniederlegung2020.jpg 1024w, http:\/\/constantia1877.bplaced.net\/Constantia_WP\/wp-content\/uploads\/2020\/07\/Kranzniederlegung2020-300x225.jpg 300w, http:\/\/constantia1877.bplaced.net\/Constantia_WP\/wp-content\/uploads\/2020\/07\/Kranzniederlegung2020-768x576.jpg 768w\" sizes=\"(max-width: 1024px) 100vw, 1024px\" \/><\/figure>\n","protected":false},"excerpt":{"rendered":"<p>An 04.07. trafen sich die Mitglieder zur Kranzniederlegung am neuen Friedhof. Das Gedenken an die verstorbenen Kameraden ist fester Bestandteil des Sch\u00fctzenfestes. Es ist eine Selbstverst\u00e4ndlichkeit auch in diesem so seltsamen Jahr kurz am Ehrenkreuz inne zu halten und der Verstorbenen zu gedenken.<\/p>\n","protected":false},"author":2,"featured_media":1197,"comment_status":"closed","ping_status":"open","sticky":false,"template":"","format":"standard","meta":{"footnotes":""},"categories":[1],"tags":[154,156],"_links":{"self":[{"href":"http:\/\/constantia1877.bplaced.net\/Constantia_WP\/index.php?rest_route=\/wp\/v2\/posts\/1198"}],"collection":[{"href":"http:\/\/constantia1877.bplaced.net\/Constantia_WP\/index.php?rest_route=\/wp\/v2\/posts"}],"about":[{"href":"http:\/\/constantia1877.bplaced.net\/Constantia_WP\/index.php?rest_route=\/wp\/v2\/types\/post"}],"author":[{"embeddable":true,"href":"http:\/\/constantia1877.bplaced.net\/Constantia_WP\/index.php?rest_route=\/wp\/v2\/users\/2"}],"replies":[{"embeddable":true,"href":"http:\/\/constantia1877.bplaced.net\/Constantia_WP\/index.php?rest_route=%2Fwp%2Fv2%2Fcomments&post=1198"}],"version-history":[{"count":3,"href":"http:\/\/constantia1877.bplaced.net\/Constantia_WP\/index.php?rest_route=\/wp\/v2\/posts\/1198\/revisions"}],"predecessor-version":[{"id":1201,"href":"http:\/\/constantia1877.bplaced.net\/Constantia_WP\/index.php?rest_route=\/wp\/v2\/posts\/1198\/revisions\/1201"}],"wp:featuredmedia":[{"embeddable":true,"href":"http:\/\/constantia1877.bplaced.net\/Constantia_WP\/index.php?rest_route=\/wp\/v2\/media\/1197"}],"wp:attachment":[{"href":"http:\/\/constantia1877.bplaced.net\/Constantia_WP\/index.php?rest_route=%2Fwp%2Fv2%2Fmedia&parent=1198"}],"wp:term":[{"taxonomy":"category","embeddable":true,"href":"http:\/\/constantia1877.bplaced.net\/Constantia_WP\/index.php?rest_route=%2Fwp%2Fv2%2Fcategories&post=1198"},{"taxonomy":"post_tag","embeddable":true,"href":"http:\/\/constantia1877.bplaced.net\/Constantia_WP\/index.php?rest_route=%2Fwp%2Fv2%2Ftags&post=1198"}],"curies":[{"name":"wp","href":"https:\/\/api.w.org\/{rel}","templated":true}]}}